{"id":319126,"date":"2025-09-05T16:19:36","date_gmt":"2025-09-05T15:19:36","guid":{"rendered":"https:\/\/www.jibble.io\/?post_type=news&#038;p=319126"},"modified":"2025-11-18T09:31:36","modified_gmt":"2025-11-18T09:31:36","slug":"salario-medio-portugal-2025","status":"publish","type":"news","link":"https:\/\/www.jibble.io\/pt-br\/noticias\/salario-medio-portugal-2025","title":{"rendered":"Sal\u00e1rio m\u00e9dio em Portugal sobe para 1.741\u20ac em 2025"},"content":{"rendered":"<p>O sal\u00e1rio m\u00e9dio em <a href=\"https:\/\/www.jibble.io\/pt-br\" target=\"_blank\" rel=\"noopener\">Portugal<\/a> aumentou para 1.741 euros brutos por m\u00eas no segundo trimestre de 2025, um crescimento de 6% em rela\u00e7\u00e3o ao mesmo per\u00edodo do ano passado, segundo dados divulgados pelo <a href=\"https:\/\/www.ine.pt\/\" target=\"_blank\" rel=\"noopener\">Instituto Nacional de Estat\u00edstica<\/a> (INE) em 14 de agosto de 2025.<\/p>\n<p>&nbsp;<\/p>\n<p>Mesmo com a infla\u00e7\u00e3o, o poder de compra tamb\u00e9m cresceu: o aumento real da remunera\u00e7\u00e3o m\u00e9dia foi de 3,7%. Os dados abrangem cerca de 4,8 milh\u00f5es de trabalhadores com descontos para a Seguran\u00e7a Social e Caixa Geral de Aposenta\u00e7\u00f5es.<\/p>\n<p>&nbsp;<\/p>\n<h2 style=\"font-weight: 400;\">Sectores agr\u00edcola e p\u00fablico lideram crescimento dos sal\u00e1rios em Portugal<\/h2>\n<p>&nbsp;<\/p>\n<p>O aumento do sal\u00e1rio m\u00e9dio em Portugal foi generalizado, com quase todos os sectores a registarem melhorias. A maior subida aconteceu nas \u00e1reas da agricultura, produ\u00e7\u00e3o animal, ca\u00e7a, floresta e pesca, onde os sal\u00e1rios aumentaram 11,5%. O sector p\u00fablico tamb\u00e9m teve uma valoriza\u00e7\u00e3o significativa, com uma subida m\u00e9dia de 7,3%.<\/p>\n<p>&nbsp;<\/p>\n<p>As empresas de m\u00e9dia dimens\u00e3o (entre 50 e 99 trabalhadores) destacaram-se com um aumento de 7,1%, acima da m\u00e9dia nacional.<\/p>\n<p>&nbsp;<\/p>\n<h2 style=\"font-weight: 400;\">Empresas que exigem mais qualifica\u00e7\u00e3o pagam melhores sal\u00e1rios<\/h2>\n<p>&nbsp;<\/p>\n<p>As empresas ligadas \u00e0 tecnologia e aos servi\u00e7os especializados continuam a liderar no que diz respeito aos sal\u00e1rios mais elevados em Portugal. Em m\u00e9dia, os trabalhadores destes sectores receberam 2.212\u202f\u20ac mensais no segundo trimestre de 2025.<\/p>\n<p>&nbsp;<\/p>\n<p>Nas \u00e1reas de alta tecnologia e nos servi\u00e7os financeiros, os valores superaram os 2.800\u202f\u20ac, evidenciando o fosso crescente entre sectores de maior e menor qualifica\u00e7\u00e3o.<\/p>\n<p>&nbsp;<\/p>\n<p>J\u00e1 na ind\u00fastria transformadora, o sal\u00e1rio m\u00e9dio rondou os 1.500\u202f\u20ac, mas com grandes varia\u00e7\u00f5es internas: nas empresas com uso intensivo de alta tecnologia, a m\u00e9dia chegou aos 2.379\u202f\u20ac, enquanto nas de baixa tecnologia ficou pelos 1.326\u202f\u20ac.<\/p>\n<p>&nbsp;<\/p>\n<h2 style=\"font-weight: 400;\">O que esperar para os pr\u00f3ximos meses?<\/h2>\n<p>&nbsp;<\/p>\n<p>O aumento dos sal\u00e1rios \u00e9 uma boa not\u00edcia para os trabalhadores, mas o contexto econ\u00f3mico ainda exige cautela. A valoriza\u00e7\u00e3o salarial pode ajudar a melhorar o poder de compra, mas ser\u00e1 preciso acompanhar a evolu\u00e7\u00e3o da infla\u00e7\u00e3o e o impacto nas pequenas empresas.<\/p>\n<p>&nbsp;<\/p>\n<p>Os dados do terceiro trimestre dever\u00e3o ser divulgados em novembro e ajudar\u00e3o a perceber se esta tend\u00eancia de aumento se mant\u00e9m &#8211; e como poder\u00e1 influenciar a discuss\u00e3o sobre o sal\u00e1rio m\u00ednimo em 2026.<\/p>\n<p>&nbsp;<\/p>\n<blockquote><p>Artigos Relacionados:<\/p>\n<p><a href=\"https:\/\/www.jibble.io\/pt-br\/artigos\/salario-minimo-portugal\">Qual o Sal\u00e1rio M\u00ednimo em Portugal em 2025?<\/a><\/p>\n<p><a href=\"https:\/\/www.jibble.io\/pt-br\/leis-trabalhistas\/leis-laborais-em-portugal\/horas-extras\">Horas Extras: O Que Diz a Legisla\u00e7\u00e3o Portuguesa?<\/a><\/p>\n<p><a href=\"https:\/\/www.jibble.io\/pt-br\/leis-trabalhistas\/leis-laborais-em-portugal\/horario-laboral\">Hor\u00e1rio Laboral em Portugal: O Que Diz a ACT?<\/a><\/p>\n<p><a href=\"https:\/\/www.jibble.io\/pt-br\/leis-trabalhistas\/leis-laborais-em-portugal\/regime-banco-de-horas\">Regime de Banco de Horas em Portugal: O Que Diz a Legisla\u00e7\u00e3o?<\/a><\/p><\/blockquote>\n","protected":false},"author":77,"featured_media":319156,"parent":0,"menu_order":0,"template":"","meta":{"_acf_changed":false,"footnotes":""},"news_category":[1235,1368],"class_list":["post-319126","news","type-news","status-publish","has-post-thumbnail","hentry","news_category-mundo","news_category-salario-digno"],"acf":[],"yoast_head":"<!-- This site is optimized with the Yoast SEO Premium plugin v26.8 (Yoast SEO v26.8) - https:\/\/yoast.com\/product\/yoast-seo-premium-wordpress\/ -->\n<title>Sal\u00e1rio m\u00e9dio em Portugal sobe para 1.741\u20ac em 2025<\/title>\n<meta name=\"description\" content=\"Sal\u00e1rio m\u00e9dio em Portugal sobe para 1.741\u20ac no 2.\u00ba trimestre de 2025, com aumento real de 3,7% face ao mesmo per\u00edodo do ano anterior.\" \/>\n<meta name=\"robots\" content=\"index, follow, max-snippet:-1, max-image-preview:large, max-video-preview:-1\" \/>\n<link rel=\"canonical\" href=\"https:\/\/www.jibble.io\/pt-br\/noticias\/salario-medio-portugal-2025\" \/>\n<meta property=\"og:locale\" content=\"pt_BR\" \/>\n<meta property=\"og:type\" content=\"article\" \/>\n<meta property=\"og:title\" content=\"Sal\u00e1rio m\u00e9dio em Portugal sobe para 1.741\u20ac em 2025\" \/>\n<meta property=\"og:description\" content=\"Sal\u00e1rio m\u00e9dio em Portugal sobe para 1.741\u20ac no 2.\u00ba trimestre de 2025, com aumento real de 3,7% face ao mesmo per\u00edodo do ano anterior.\" \/>\n<meta property=\"og:url\" content=\"https:\/\/www.jibble.io\/pt-br\/noticias\/salario-medio-portugal-2025\" \/>\n<meta property=\"og:site_name\" content=\"Jibble\" \/>\n<meta property=\"article:modified_time\" content=\"2025-11-18T09:31:36+00:00\" \/>\n<meta property=\"og:image\" content=\"https:\/\/www.jibble.io\/wp-content\/uploads\/2025\/09\/dominik-kuhn-M-RKrN7pgwo-unsplash-1-1.jpg\" \/>\n\t<meta property=\"og:image:width\" content=\"1044\" \/>\n\t<meta property=\"og:image:height\" content=\"696\" \/>\n\t<meta property=\"og:image:type\" content=\"image\/jpeg\" \/>\n<meta name=\"twitter:card\" content=\"summary_large_image\" \/>\n<meta name=\"twitter:label1\" content=\"Est. tempo de leitura\" \/>\n\t<meta name=\"twitter:data1\" content=\"2 minutos\" \/>\n<script type=\"application\/ld+json\" class=\"yoast-schema-graph\">{\"@context\":\"https:\/\/schema.org\",\"@graph\":[{\"@type\":\"NewsArticle\",\"@id\":\"https:\/\/www.jibble.io\/pt-br\/noticias\/salario-medio-portugal-2025#article\",\"isPartOf\":{\"@id\":\"https:\/\/www.jibble.io\/pt-br\/noticias\/salario-medio-portugal-2025\"},\"author\":{\"name\":\"Jennifer Blair\",\"@id\":\"https:\/\/www.jibble.io\/pt-br#\/schema\/person\/459d1f478476aa66f3a6c02e9fc7ae11\"},\"headline\":\"Sal\u00e1rio m\u00e9dio em Portugal sobe para 1.741\u20ac em 2025\",\"datePublished\":\"2025-09-05T15:19:36+00:00\",\"dateModified\":\"2025-11-18T09:31:36+00:00\",\"mainEntityOfPage\":{\"@id\":\"https:\/\/www.jibble.io\/pt-br\/noticias\/salario-medio-portugal-2025\"},\"wordCount\":449,\"publisher\":{\"@id\":\"https:\/\/www.jibble.io\/pt-br#organization\"},\"image\":{\"@id\":\"https:\/\/www.jibble.io\/pt-br\/noticias\/salario-medio-portugal-2025#primaryimage\"},\"thumbnailUrl\":\"https:\/\/www.jibble.io\/wp-content\/uploads\/2025\/09\/dominik-kuhn-M-RKrN7pgwo-unsplash-1-1.jpg\",\"inLanguage\":\"pt-BR\"},{\"@type\":\"WebPage\",\"@id\":\"https:\/\/www.jibble.io\/pt-br\/noticias\/salario-medio-portugal-2025\",\"url\":\"https:\/\/www.jibble.io\/pt-br\/noticias\/salario-medio-portugal-2025\",\"name\":\"Sal\u00e1rio m\u00e9dio em Portugal sobe para 1.741\u20ac em 2025\",\"isPartOf\":{\"@id\":\"https:\/\/www.jibble.io\/pt-br#website\"},\"primaryImageOfPage\":{\"@id\":\"https:\/\/www.jibble.io\/pt-br\/noticias\/salario-medio-portugal-2025#primaryimage\"},\"image\":{\"@id\":\"https:\/\/www.jibble.io\/pt-br\/noticias\/salario-medio-portugal-2025#primaryimage\"},\"thumbnailUrl\":\"https:\/\/www.jibble.io\/wp-content\/uploads\/2025\/09\/dominik-kuhn-M-RKrN7pgwo-unsplash-1-1.jpg\",\"datePublished\":\"2025-09-05T15:19:36+00:00\",\"dateModified\":\"2025-11-18T09:31:36+00:00\",\"description\":\"Sal\u00e1rio m\u00e9dio em Portugal sobe para 1.741\u20ac no 2.\u00ba trimestre de 2025, com aumento real de 3,7% face ao mesmo per\u00edodo do ano anterior.\",\"inLanguage\":\"pt-BR\",\"potentialAction\":[{\"@type\":\"ReadAction\",\"target\":[\"https:\/\/www.jibble.io\/pt-br\/noticias\/salario-medio-portugal-2025\"]}]},{\"@type\":\"ImageObject\",\"inLanguage\":\"pt-BR\",\"@id\":\"https:\/\/www.jibble.io\/pt-br\/noticias\/salario-medio-portugal-2025#primaryimage\",\"url\":\"https:\/\/www.jibble.io\/wp-content\/uploads\/2025\/09\/dominik-kuhn-M-RKrN7pgwo-unsplash-1-1.jpg\",\"contentUrl\":\"https:\/\/www.jibble.io\/wp-content\/uploads\/2025\/09\/dominik-kuhn-M-RKrN7pgwo-unsplash-1-1.jpg\",\"width\":1044,\"height\":696,\"caption\":\"Foto por Dominik Kuhn no Unsplash\"},{\"@type\":\"WebSite\",\"@id\":\"https:\/\/www.jibble.io\/pt-br#website\",\"url\":\"https:\/\/www.jibble.io\/pt-br\",\"name\":\"Jibble\",\"description\":\"Meet the new standard in time tracking software\",\"publisher\":{\"@id\":\"https:\/\/www.jibble.io\/pt-br#organization\"},\"potentialAction\":[{\"@type\":\"SearchAction\",\"target\":{\"@type\":\"EntryPoint\",\"urlTemplate\":\"https:\/\/www.jibble.io\/pt-br?s={search_term_string}\"},\"query-input\":{\"@type\":\"PropertyValueSpecification\",\"valueRequired\":true,\"valueName\":\"search_term_string\"}}],\"inLanguage\":\"pt-BR\"},{\"@type\":\"Organization\",\"@id\":\"https:\/\/www.jibble.io\/pt-br#organization\",\"name\":\"Jibble\",\"url\":\"https:\/\/www.jibble.io\/pt-br\",\"logo\":{\"@type\":\"ImageObject\",\"inLanguage\":\"pt-BR\",\"@id\":\"https:\/\/www.jibble.io\/pt-br#\/schema\/logo\/image\/\",\"url\":\"https:\/\/www.jibble.io\/wp-content\/uploads\/2022\/05\/Original-copy-923x1024.png\",\"contentUrl\":\"https:\/\/www.jibble.io\/wp-content\/uploads\/2022\/05\/Original-copy-923x1024.png\",\"width\":\"923\",\"height\":\"1024\",\"caption\":\"Jibble\"},\"image\":{\"@id\":\"https:\/\/www.jibble.io\/pt-br#\/schema\/logo\/image\/\"},\"sameAs\":[\"https:\/\/www.linkedin.com\/company\/jibble\/\"]},{\"@type\":\"Person\",\"@id\":\"https:\/\/www.jibble.io\/pt-br#\/schema\/person\/459d1f478476aa66f3a6c02e9fc7ae11\",\"name\":\"Jennifer Blair\",\"image\":{\"@type\":\"ImageObject\",\"inLanguage\":\"pt-BR\",\"@id\":\"https:\/\/www.jibble.io\/pt-br#\/schema\/person\/image\/\",\"url\":\"https:\/\/secure.gravatar.com\/avatar\/5a23d92ddb7d8193867abfdff5ef5599?s=96&d=mm&r=g\",\"contentUrl\":\"https:\/\/secure.gravatar.com\/avatar\/5a23d92ddb7d8193867abfdff5ef5599?s=96&d=mm&r=g\",\"caption\":\"Jennifer Blair\"}}]}<\/script>\n<!-- \/ Yoast SEO Premium plugin. -->","yoast_head_json":{"title":"Sal\u00e1rio m\u00e9dio em Portugal sobe para 1.741\u20ac em 2025","description":"Sal\u00e1rio m\u00e9dio em Portugal sobe para 1.741\u20ac no 2.\u00ba trimestre de 2025, com aumento real de 3,7% face ao mesmo per\u00edodo do ano anterior.","robots":{"index":"index","follow":"follow","max-snippet":"max-snippet:-1","max-image-preview":"max-image-preview:large","max-video-preview":"max-video-preview:-1"},"canonical":"https:\/\/www.jibble.io\/pt-br\/noticias\/salario-medio-portugal-2025","og_locale":"pt_BR","og_type":"article","og_title":"Sal\u00e1rio m\u00e9dio em Portugal sobe para 1.741\u20ac em 2025","og_description":"Sal\u00e1rio m\u00e9dio em Portugal sobe para 1.741\u20ac no 2.\u00ba trimestre de 2025, com aumento real de 3,7% face ao mesmo per\u00edodo do ano anterior.","og_url":"https:\/\/www.jibble.io\/pt-br\/noticias\/salario-medio-portugal-2025","og_site_name":"Jibble","article_modified_time":"2025-11-18T09:31:36+00:00","og_image":[{"width":1044,"height":696,"url":"https:\/\/www.jibble.io\/wp-content\/uploads\/2025\/09\/dominik-kuhn-M-RKrN7pgwo-unsplash-1-1.jpg","type":"image\/jpeg"}],"twitter_card":"summary_large_image","twitter_misc":{"Est. tempo de leitura":"2 minutos"},"schema":{"@context":"https:\/\/schema.org","@graph":[{"@type":"NewsArticle","@id":"https:\/\/www.jibble.io\/pt-br\/noticias\/salario-medio-portugal-2025#article","isPartOf":{"@id":"https:\/\/www.jibble.io\/pt-br\/noticias\/salario-medio-portugal-2025"},"author":{"name":"Jennifer Blair","@id":"https:\/\/www.jibble.io\/pt-br#\/schema\/person\/459d1f478476aa66f3a6c02e9fc7ae11"},"headline":"Sal\u00e1rio m\u00e9dio em Portugal sobe para 1.741\u20ac em 2025","datePublished":"2025-09-05T15:19:36+00:00","dateModified":"2025-11-18T09:31:36+00:00","mainEntityOfPage":{"@id":"https:\/\/www.jibble.io\/pt-br\/noticias\/salario-medio-portugal-2025"},"wordCount":449,"publisher":{"@id":"https:\/\/www.jibble.io\/pt-br#organization"},"image":{"@id":"https:\/\/www.jibble.io\/pt-br\/noticias\/salario-medio-portugal-2025#primaryimage"},"thumbnailUrl":"https:\/\/www.jibble.io\/wp-content\/uploads\/2025\/09\/dominik-kuhn-M-RKrN7pgwo-unsplash-1-1.jpg","inLanguage":"pt-BR"},{"@type":"WebPage","@id":"https:\/\/www.jibble.io\/pt-br\/noticias\/salario-medio-portugal-2025","url":"https:\/\/www.jibble.io\/pt-br\/noticias\/salario-medio-portugal-2025","name":"Sal\u00e1rio m\u00e9dio em Portugal sobe para 1.741\u20ac em 2025","isPartOf":{"@id":"https:\/\/www.jibble.io\/pt-br#website"},"primaryImageOfPage":{"@id":"https:\/\/www.jibble.io\/pt-br\/noticias\/salario-medio-portugal-2025#primaryimage"},"image":{"@id":"https:\/\/www.jibble.io\/pt-br\/noticias\/salario-medio-portugal-2025#primaryimage"},"thumbnailUrl":"https:\/\/www.jibble.io\/wp-content\/uploads\/2025\/09\/dominik-kuhn-M-RKrN7pgwo-unsplash-1-1.jpg","datePublished":"2025-09-05T15:19:36+00:00","dateModified":"2025-11-18T09:31:36+00:00","description":"Sal\u00e1rio m\u00e9dio em Portugal sobe para 1.741\u20ac no 2.\u00ba trimestre de 2025, com aumento real de 3,7% face ao mesmo per\u00edodo do ano anterior.","inLanguage":"pt-BR","potentialAction":[{"@type":"ReadAction","target":["https:\/\/www.jibble.io\/pt-br\/noticias\/salario-medio-portugal-2025"]}]},{"@type":"ImageObject","inLanguage":"pt-BR","@id":"https:\/\/www.jibble.io\/pt-br\/noticias\/salario-medio-portugal-2025#primaryimage","url":"https:\/\/www.jibble.io\/wp-content\/uploads\/2025\/09\/dominik-kuhn-M-RKrN7pgwo-unsplash-1-1.jpg","contentUrl":"https:\/\/www.jibble.io\/wp-content\/uploads\/2025\/09\/dominik-kuhn-M-RKrN7pgwo-unsplash-1-1.jpg","width":1044,"height":696,"caption":"Foto por Dominik Kuhn no Unsplash"},{"@type":"WebSite","@id":"https:\/\/www.jibble.io\/pt-br#website","url":"https:\/\/www.jibble.io\/pt-br","name":"Jibble","description":"Meet the new standard in time tracking software","publisher":{"@id":"https:\/\/www.jibble.io\/pt-br#organization"},"potentialAction":[{"@type":"SearchAction","target":{"@type":"EntryPoint","urlTemplate":"https:\/\/www.jibble.io\/pt-br?s={search_term_string}"},"query-input":{"@type":"PropertyValueSpecification","valueRequired":true,"valueName":"search_term_string"}}],"inLanguage":"pt-BR"},{"@type":"Organization","@id":"https:\/\/www.jibble.io\/pt-br#organization","name":"Jibble","url":"https:\/\/www.jibble.io\/pt-br","logo":{"@type":"ImageObject","inLanguage":"pt-BR","@id":"https:\/\/www.jibble.io\/pt-br#\/schema\/logo\/image\/","url":"https:\/\/www.jibble.io\/wp-content\/uploads\/2022\/05\/Original-copy-923x1024.png","contentUrl":"https:\/\/www.jibble.io\/wp-content\/uploads\/2022\/05\/Original-copy-923x1024.png","width":"923","height":"1024","caption":"Jibble"},"image":{"@id":"https:\/\/www.jibble.io\/pt-br#\/schema\/logo\/image\/"},"sameAs":["https:\/\/www.linkedin.com\/company\/jibble\/"]},{"@type":"Person","@id":"https:\/\/www.jibble.io\/pt-br#\/schema\/person\/459d1f478476aa66f3a6c02e9fc7ae11","name":"Jennifer Blair","image":{"@type":"ImageObject","inLanguage":"pt-BR","@id":"https:\/\/www.jibble.io\/pt-br#\/schema\/person\/image\/","url":"https:\/\/secure.gravatar.com\/avatar\/5a23d92ddb7d8193867abfdff5ef5599?s=96&d=mm&r=g","contentUrl":"https:\/\/secure.gravatar.com\/avatar\/5a23d92ddb7d8193867abfdff5ef5599?s=96&d=mm&r=g","caption":"Jennifer Blair"}}]}},"_links":{"self":[{"href":"https:\/\/www.jibble.io\/pt-br\/wp-json\/wp\/v2\/news\/319126","targetHints":{"allow":["GET"]}}],"collection":[{"href":"https:\/\/www.jibble.io\/pt-br\/wp-json\/wp\/v2\/news"}],"about":[{"href":"https:\/\/www.jibble.io\/pt-br\/wp-json\/wp\/v2\/types\/news"}],"author":[{"embeddable":true,"href":"https:\/\/www.jibble.io\/pt-br\/wp-json\/wp\/v2\/users\/77"}],"version-history":[{"count":3,"href":"https:\/\/www.jibble.io\/pt-br\/wp-json\/wp\/v2\/news\/319126\/revisions"}],"predecessor-version":[{"id":345907,"href":"https:\/\/www.jibble.io\/pt-br\/wp-json\/wp\/v2\/news\/319126\/revisions\/345907"}],"wp:featuredmedia":[{"embeddable":true,"href":"https:\/\/www.jibble.io\/pt-br\/wp-json\/wp\/v2\/media\/319156"}],"wp:attachment":[{"href":"https:\/\/www.jibble.io\/pt-br\/wp-json\/wp\/v2\/media?parent=319126"}],"wp:term":[{"taxonomy":"news_category","embeddable":true,"href":"https:\/\/www.jibble.io\/pt-br\/wp-json\/wp\/v2\/news_category?post=319126"}],"curies":[{"name":"wp","href":"https:\/\/api.w.org\/{rel}","templated":true}]}}