{"id":312447,"date":"2025-08-21T19:29:54","date_gmt":"2025-08-21T18:29:54","guid":{"rendered":"https:\/\/www.jibble.io\/?post_type=news&#038;p=312447"},"modified":"2025-08-23T01:03:31","modified_gmt":"2025-08-23T00:03:31","slug":"salarios-geracao-z","status":"publish","type":"news","link":"https:\/\/www.jibble.io\/pt-br\/noticias\/salarios-geracao-z","title":{"rendered":"Gera\u00e7\u00e3o Z lidera press\u00e3o por melhores sal\u00e1rios no Brasil"},"content":{"rendered":"<p>Profissionais da Gera\u00e7\u00e3o Z est\u00e3o liderando um movimento por melhores sal\u00e1rios e mais benef\u00edcios no mercado de trabalho, segundo relat\u00f3rio da Robert Half publicado em 18 de julho de 2025.<\/p>\n<p>&nbsp;<\/p>\n<p>A pesquisa demonstrou que 74% dos empregadores brasileiros notaram que jovens entre 18 e 27 anos est\u00e3o mais rigorosos ao negociar remunera\u00e7\u00e3o e condi\u00e7\u00f5es de trabalho.<\/p>\n<p>&nbsp;<\/p>\n<p>Esse comportamento reflete uma mudan\u00e7a geracional relevante, que pressiona empresas a reverem pr\u00e1ticas de contrata\u00e7\u00e3o e pacotes de benef\u00edcios.<\/p>\n<p>&nbsp;<\/p>\n<p>O cen\u00e1rio tamb\u00e9m reacende o debate sobre o papel do <a href=\"https:\/\/www.jibble.io\/pt-br\/categoria-noticias\/salario-minimo\">sal\u00e1rio m\u00ednimo<\/a> &#8211; fixado em R$ 1.518 em 2025 e previsto para chegar a R$ 1.630 em 2026 &#8211; na valoriza\u00e7\u00e3o profissional e no poder de compra dos brasileiros mais jovens.<\/p>\n<p>&nbsp;<\/p>\n<h2 style=\"font-weight: 400;\">Tend\u00eancia global: Gera\u00e7\u00e3o Z se destaca como a mais exigente<\/h2>\n<p>&nbsp;<\/p>\n<p>No Brasil, 41% das empresas afirmam que os profissionais da Gera\u00e7\u00e3o Z est\u00e3o \u201cmuito mais exigentes\u201d em rela\u00e7\u00e3o ao sal\u00e1rio &#8211; um \u00edndice significativamente superior ao observado entre os Millennials (24%), a Gera\u00e7\u00e3o X (18%) e os Baby Boomers (9%).<\/p>\n<p>&nbsp;<\/p>\n<blockquote><p><strong>Como se dividem as gera\u00e7\u00f5es no mercado de trabalho? <\/strong><\/p>\n<p>A <strong style=\"color: #ff6600;\">Gera\u00e7\u00e3o Z<\/strong> inclui pessoas nascidas entre <strong style=\"color: #ff6600;\">1997 e 2007<\/strong>. Os <strong style=\"color: #ff6600;\">Millennials<\/strong> (ou Gera\u00e7\u00e3o Y) nasceram entre <strong style=\"color: #ff6600;\">1981 e 1996<\/strong>. A <strong style=\"color: #ff6600;\">Gera\u00e7\u00e3o X<\/strong> compreende os nascidos entre <strong style=\"color: #ff6600;\">1965 e 1980<\/strong>, enquanto os <strong style=\"color: #ff6600;\">Baby Boomers<\/strong> s\u00e3o aqueles que nasceram entre <strong style=\"color: #ff6600;\">1946 e 1964<\/strong>.<\/p><\/blockquote>\n<p>&nbsp;<\/p>\n<p>Outros 33% dos empregadores relataram uma leve eleva\u00e7\u00e3o no n\u00edvel de exig\u00eancia dos jovens, refor\u00e7ando a percep\u00e7\u00e3o de que essa gera\u00e7\u00e3o est\u00e1 redefinindo os crit\u00e9rios para aceitar uma proposta de trabalho.<\/p>\n<p>&nbsp;<\/p>\n<p>Fora do pa\u00eds, o cen\u00e1rio \u00e9 semelhante. A pesquisa, que tamb\u00e9m avaliou mercados da B\u00e9lgica, Fran\u00e7a, Alemanha, Holanda, Su\u00ed\u00e7a e Reino Unido, aponta que, em m\u00e9dia global, 37% dos profissionais da Gera\u00e7\u00e3o Z tornaram-se mais r\u00edgidos em suas expectativas salariais.<\/p>\n<p>&nbsp;<\/p>\n<p>Esse percentual cai para 22% entre os Millennials, 12% entre os profissionais da Gera\u00e7\u00e3o X e apenas 8% no grupo dos Baby Boomers.<\/p>\n<p>&nbsp;<\/p>\n<p>Os dados refor\u00e7am uma tend\u00eancia mundial: a Gera\u00e7\u00e3o Z n\u00e3o s\u00f3 valoriza remunera\u00e7\u00e3o justa, como tamb\u00e9m est\u00e1 mais disposta a negociar &#8211; ou mesmo recusar &#8211; propostas que n\u00e3o atendam \u00e0s suas expectativas financeiras e de bem-estar.<\/p>\n<p>&nbsp;<\/p>\n<h2 style=\"font-weight: 400;\">Sal\u00e1rio n\u00e3o \u00e9 tudo, mas \u00e9 o ponto de partida<\/h2>\n<p>&nbsp;<\/p>\n<p>Embora valorizem prop\u00f3sito, diversidade e qualidade de vida, os jovens da Gera\u00e7\u00e3o Z n\u00e3o abdicam de um sal\u00e1rio competitivo.<\/p>\n<p>&nbsp;<\/p>\n<p>Segundo o estudo, 39% dos profissionais esperam aumento nos pr\u00f3ximos 12 meses por terem adquirido novas habilidades ou certifica\u00e7\u00f5es; 34% justificam com o cumprimento de metas, e 28% apontam o impacto da infla\u00e7\u00e3o e o aumento do custo de vida.<\/p>\n<p>&nbsp;<\/p>\n<p>Amanda Adami, gerente da Robert Half, destacou que a Gera\u00e7\u00e3o Z valoriza empresas cujos princ\u00edpios estejam alinhados aos seus pr\u00f3prios, mas n\u00e3o abre m\u00e3o do reconhecimento financeiro como parte fundamental dessa rela\u00e7\u00e3o. Com o desemprego em n\u00edveis historicamente baixos, tamb\u00e9m ressaltou que a maior competi\u00e7\u00e3o no mercado tem levado esses jovens profissionais a atribu\u00edrem mais valor \u00e0s suas compet\u00eancias.<\/p>\n<p>&nbsp;<\/p>\n<p>Al\u00e9m da remunera\u00e7\u00e3o direta, os benef\u00edcios corporativos ganharam peso. Cerca de 72% dos empregadores relataram que os jovens est\u00e3o mais exigentes quanto a planos de sa\u00fade, hor\u00e1rios flex\u00edveis, apoio psicol\u00f3gico, licen\u00e7a remunerada e bonifica\u00e7\u00f5es &#8211; elementos que antes n\u00e3o ocupavam o centro das negocia\u00e7\u00f5es salariais.<\/p>\n<p>&nbsp;<\/p>\n<h2 style=\"font-weight: 400;\">A nova rela\u00e7\u00e3o com a CLT e o trabalho formal<\/h2>\n<p>&nbsp;<\/p>\n<p>A carteira assinada, outrora s\u00edmbolo de estabilidade, j\u00e1 n\u00e3o exerce o mesmo apelo sobre a Gera\u00e7\u00e3o Z. Muitos jovens preferem formatos de trabalho mais flex\u00edveis, como presta\u00e7\u00e3o de servi\u00e7os por projeto (freelancer), contratos PJ ou trabalho remoto sob demanda.<\/p>\n<p>&nbsp;<\/p>\n<p>Embora esses modelos ofere\u00e7am autonomia, especialistas alertam para os riscos de precariza\u00e7\u00e3o.<\/p>\n<p>&nbsp;<\/p>\n<blockquote><p><strong>CLT ou PJ? A diferen\u00e7a est\u00e1 no valor real recebido<\/strong><\/p>\n<p>Segundo especialistas em direito do trabalho, contratos no modelo PJ devem oferecer uma remunera\u00e7\u00e3o entre 30% e 50% maior do que os valores pagos no regime CLT, para compensar a aus\u00eancia de benef\u00edcios como f\u00e9rias, 13\u00ba sal\u00e1rio e INSS. Por exemplo, se um profissional recebe R$ 3.000 como CLT, s\u00f3 faria sentido aceitar um contrato como PJ se o valor mensal fosse de pelo menos R$ 3.900 a R$ 4.500.<\/p><\/blockquote>\n<p>&nbsp;<\/p>\n<p>Especialistas defendem a cria\u00e7\u00e3o de novas pol\u00edticas p\u00fablicas que garantam acesso \u00e0 aposentadoria, licen\u00e7a maternidade, cobertura de acidentes de trabalho e outros direitos sociais &#8211; mesmo fora do regime tradicional da <a href=\"https:\/\/www.planalto.gov.br\/ccivil_03\/decreto-lei\/del5452.htm\">CLT<\/a>.<\/p>\n<p>&nbsp;<\/p>\n<h2 style=\"font-weight: 400;\">Expectativas salariais por gera\u00e7\u00e3o<\/h2>\n<p>&nbsp;<\/p>\n<p>O levantamento da Robert Half identificou diferen\u00e7as claras entre as gera\u00e7\u00f5es ao justificar o pedido de aumento salarial:<\/p>\n<p>&nbsp;<\/p>\n<ul>\n<li><strong>Gera\u00e7\u00e3o Z<\/strong> &#8211; Foco no desenvolvimento de compet\u00eancias e desempenho individual.<\/li>\n<li><strong>Millennials e Gera\u00e7\u00e3o X<\/strong> &#8211; Equilibram novas habilidades e cumprimento de metas.<\/li>\n<li><strong>Baby Boomers<\/strong> &#8211; Priorizam o aumento do custo de vida como principal argumento.<\/li>\n<\/ul>\n<p>&nbsp;<\/p>\n<p>Esses dados mostram que o sal\u00e1rio continua sendo uma pe\u00e7a-chave na rela\u00e7\u00e3o entre empresas e colaboradores &#8211; especialmente em um momento em que o poder de compra est\u00e1 sob press\u00e3o e o sal\u00e1rio m\u00ednimo, embora em crescimento, ainda est\u00e1 longe das expectativas de muitos jovens qualificados.<\/p>\n<p>&nbsp;<\/p>\n<h2 style=\"font-weight: 400;\">Para onde caminha o futuro do trabalho?<\/h2>\n<p>&nbsp;<\/p>\n<p>Com a previs\u00e3o de que a Gera\u00e7\u00e3o Z ocupe at\u00e9 27% da for\u00e7a de trabalho global at\u00e9 o final de 2025, empresas e governos enfrentam o desafio de criar ambientes mais atrativos, flex\u00edveis e financeiramente vi\u00e1veis.<\/p>\n<p>&nbsp;<\/p>\n<p>Um estudo da Deloitte indica que 89% dos jovens da Gera\u00e7\u00e3o Z consideram o \u201cprop\u00f3sito no trabalho\u201d um fator determinante para o bem-estar profissional.<\/p>\n<p>&nbsp;<\/p>\n<p>Al\u00e9m disso, 49% afirmam que deixariam o emprego em at\u00e9 dois anos se n\u00e3o sentissem alinhamento com os valores da organiza\u00e7\u00e3o, o que torna ainda mais urgente o investimento em estrat\u00e9gias de atra\u00e7\u00e3o e reten\u00e7\u00e3o de talentos.<\/p>\n<p>&nbsp;<\/p>\n<blockquote><p>Artigos Relacionados:<\/p>\n<p><a href=\"https:\/\/www.jibble.io\/pt-br\/leis-trabalhistas\/leis-trabalhistas-brasil\">Leis Trabalhistas do Brasil<\/a><\/p>\n<p><a href=\"https:\/\/www.jibble.io\/pt-br\/artigos\/salario-minimo-brasil\">Qual o Sal\u00e1rio M\u00ednimo no Brasil em 2025?<\/a><\/p>\n<p><a href=\"https:\/\/www.jibble.io\/pt-br\/noticias\/salario-minimo-brasil-2026\">Brasil ter\u00e1 maior sal\u00e1rio m\u00ednimo real em 50 anos: R$ 1.630 em 2026<\/a><\/p>\n<p><a href=\"https:\/\/www.jibble.io\/pt-br\/artigos\/o-que-significa-clt\">O Que Significa CLT? Descubra o Que \u00e9 e Como Funciona<\/a><\/p>\n<p><a href=\"https:\/\/www.jibble.io\/pt-br\/artigos\/clt-ou-pj\">CLT ou PJ: Qual a Melhor Op\u00e7\u00e3o?<\/a><\/p><\/blockquote>\n","protected":false},"author":77,"featured_media":313167,"parent":0,"menu_order":0,"template":"","meta":{"_acf_changed":false,"footnotes":""},"news_category":[1235,1368],"class_list":["post-312447","news","type-news","status-publish","has-post-thumbnail","hentry","news_category-mundo","news_category-salario-digno"],"acf":[],"yoast_head":"<!-- This site is optimized with the Yoast SEO Premium plugin v26.8 (Yoast SEO v26.8) - https:\/\/yoast.com\/product\/yoast-seo-premium-wordpress\/ -->\n<title>Gera\u00e7\u00e3o Z lidera press\u00e3o por melhores sal\u00e1rios no Brasil<\/title>\n<meta name=\"description\" content=\"Gera\u00e7\u00e3o Z lidera press\u00f5es nos sal\u00e1rios e mudan\u00e7as no mercado de trabalho. Entenda o impacto e a rela\u00e7\u00e3o com o sal\u00e1rio m\u00ednimo de 2025.\" \/>\n<meta name=\"robots\" content=\"index, follow, max-snippet:-1, max-image-preview:large, max-video-preview:-1\" \/>\n<link rel=\"canonical\" href=\"https:\/\/www.jibble.io\/pt-br\/noticias\/salarios-geracao-z\" \/>\n<meta property=\"og:locale\" content=\"pt_BR\" \/>\n<meta property=\"og:type\" content=\"article\" \/>\n<meta property=\"og:title\" content=\"Gera\u00e7\u00e3o Z lidera press\u00e3o por melhores sal\u00e1rios no Brasil\" \/>\n<meta property=\"og:description\" content=\"Gera\u00e7\u00e3o Z lidera press\u00f5es nos sal\u00e1rios e mudan\u00e7as no mercado de trabalho. Entenda o impacto e a rela\u00e7\u00e3o com o sal\u00e1rio m\u00ednimo de 2025.\" \/>\n<meta property=\"og:url\" content=\"https:\/\/www.jibble.io\/pt-br\/noticias\/salarios-geracao-z\" \/>\n<meta property=\"og:site_name\" content=\"Jibble\" \/>\n<meta property=\"article:modified_time\" content=\"2025-08-23T00:03:31+00:00\" \/>\n<meta property=\"og:image\" content=\"https:\/\/www.jibble.io\/wp-content\/uploads\/2025\/08\/Portuguese_annie-spratt-QckxruozjRg-unsplas_compressed.jpg\" \/>\n\t<meta property=\"og:image:width\" content=\"1140\" \/>\n\t<meta property=\"og:image:height\" content=\"761\" \/>\n\t<meta property=\"og:image:type\" content=\"image\/jpeg\" \/>\n<meta name=\"twitter:card\" content=\"summary_large_image\" \/>\n<meta name=\"twitter:label1\" content=\"Est. tempo de leitura\" \/>\n\t<meta name=\"twitter:data1\" content=\"4 minutos\" \/>\n<script type=\"application\/ld+json\" class=\"yoast-schema-graph\">{\"@context\":\"https:\/\/schema.org\",\"@graph\":[{\"@type\":\"NewsArticle\",\"@id\":\"https:\/\/www.jibble.io\/pt-br\/noticias\/salarios-geracao-z#article\",\"isPartOf\":{\"@id\":\"https:\/\/www.jibble.io\/pt-br\/noticias\/salarios-geracao-z\"},\"author\":{\"name\":\"Jennifer Blair\",\"@id\":\"https:\/\/www.jibble.io\/pt-br#\/schema\/person\/459d1f478476aa66f3a6c02e9fc7ae11\"},\"headline\":\"Gera\u00e7\u00e3o Z lidera press\u00e3o por melhores sal\u00e1rios no Brasil\",\"datePublished\":\"2025-08-21T18:29:54+00:00\",\"dateModified\":\"2025-08-23T00:03:31+00:00\",\"mainEntityOfPage\":{\"@id\":\"https:\/\/www.jibble.io\/pt-br\/noticias\/salarios-geracao-z\"},\"wordCount\":1072,\"publisher\":{\"@id\":\"https:\/\/www.jibble.io\/pt-br#organization\"},\"image\":{\"@id\":\"https:\/\/www.jibble.io\/pt-br\/noticias\/salarios-geracao-z#primaryimage\"},\"thumbnailUrl\":\"https:\/\/www.jibble.io\/wp-content\/uploads\/2025\/08\/Portuguese_annie-spratt-QckxruozjRg-unsplas_compressed.jpg\",\"inLanguage\":\"pt-BR\"},{\"@type\":\"WebPage\",\"@id\":\"https:\/\/www.jibble.io\/pt-br\/noticias\/salarios-geracao-z\",\"url\":\"https:\/\/www.jibble.io\/pt-br\/noticias\/salarios-geracao-z\",\"name\":\"Gera\u00e7\u00e3o Z lidera press\u00e3o por melhores sal\u00e1rios no Brasil\",\"isPartOf\":{\"@id\":\"https:\/\/www.jibble.io\/pt-br#website\"},\"primaryImageOfPage\":{\"@id\":\"https:\/\/www.jibble.io\/pt-br\/noticias\/salarios-geracao-z#primaryimage\"},\"image\":{\"@id\":\"https:\/\/www.jibble.io\/pt-br\/noticias\/salarios-geracao-z#primaryimage\"},\"thumbnailUrl\":\"https:\/\/www.jibble.io\/wp-content\/uploads\/2025\/08\/Portuguese_annie-spratt-QckxruozjRg-unsplas_compressed.jpg\",\"datePublished\":\"2025-08-21T18:29:54+00:00\",\"dateModified\":\"2025-08-23T00:03:31+00:00\",\"description\":\"Gera\u00e7\u00e3o Z lidera press\u00f5es nos sal\u00e1rios e mudan\u00e7as no mercado de trabalho. Entenda o impacto e a rela\u00e7\u00e3o com o sal\u00e1rio m\u00ednimo de 2025.\",\"inLanguage\":\"pt-BR\",\"potentialAction\":[{\"@type\":\"ReadAction\",\"target\":[\"https:\/\/www.jibble.io\/pt-br\/noticias\/salarios-geracao-z\"]}]},{\"@type\":\"ImageObject\",\"inLanguage\":\"pt-BR\",\"@id\":\"https:\/\/www.jibble.io\/pt-br\/noticias\/salarios-geracao-z#primaryimage\",\"url\":\"https:\/\/www.jibble.io\/wp-content\/uploads\/2025\/08\/Portuguese_annie-spratt-QckxruozjRg-unsplas_compressed.jpg\",\"contentUrl\":\"https:\/\/www.jibble.io\/wp-content\/uploads\/2025\/08\/Portuguese_annie-spratt-QckxruozjRg-unsplas_compressed.jpg\",\"width\":1140,\"height\":761,\"caption\":\"Foto por Annie Spratt no Unsplash\"},{\"@type\":\"WebSite\",\"@id\":\"https:\/\/www.jibble.io\/pt-br#website\",\"url\":\"https:\/\/www.jibble.io\/pt-br\",\"name\":\"Jibble\",\"description\":\"Meet the new standard in time tracking software\",\"publisher\":{\"@id\":\"https:\/\/www.jibble.io\/pt-br#organization\"},\"potentialAction\":[{\"@type\":\"SearchAction\",\"target\":{\"@type\":\"EntryPoint\",\"urlTemplate\":\"https:\/\/www.jibble.io\/pt-br?s={search_term_string}\"},\"query-input\":{\"@type\":\"PropertyValueSpecification\",\"valueRequired\":true,\"valueName\":\"search_term_string\"}}],\"inLanguage\":\"pt-BR\"},{\"@type\":\"Organization\",\"@id\":\"https:\/\/www.jibble.io\/pt-br#organization\",\"name\":\"Jibble\",\"url\":\"https:\/\/www.jibble.io\/pt-br\",\"logo\":{\"@type\":\"ImageObject\",\"inLanguage\":\"pt-BR\",\"@id\":\"https:\/\/www.jibble.io\/pt-br#\/schema\/logo\/image\/\",\"url\":\"https:\/\/www.jibble.io\/wp-content\/uploads\/2022\/05\/Original-copy-923x1024.png\",\"contentUrl\":\"https:\/\/www.jibble.io\/wp-content\/uploads\/2022\/05\/Original-copy-923x1024.png\",\"width\":\"923\",\"height\":\"1024\",\"caption\":\"Jibble\"},\"image\":{\"@id\":\"https:\/\/www.jibble.io\/pt-br#\/schema\/logo\/image\/\"},\"sameAs\":[\"https:\/\/www.linkedin.com\/company\/jibble\/\"]},{\"@type\":\"Person\",\"@id\":\"https:\/\/www.jibble.io\/pt-br#\/schema\/person\/459d1f478476aa66f3a6c02e9fc7ae11\",\"name\":\"Jennifer Blair\",\"image\":{\"@type\":\"ImageObject\",\"inLanguage\":\"pt-BR\",\"@id\":\"https:\/\/www.jibble.io\/pt-br#\/schema\/person\/image\/\",\"url\":\"https:\/\/secure.gravatar.com\/avatar\/5a23d92ddb7d8193867abfdff5ef5599?s=96&d=mm&r=g\",\"contentUrl\":\"https:\/\/secure.gravatar.com\/avatar\/5a23d92ddb7d8193867abfdff5ef5599?s=96&d=mm&r=g\",\"caption\":\"Jennifer Blair\"}}]}<\/script>\n<!-- \/ Yoast SEO Premium plugin. -->","yoast_head_json":{"title":"Gera\u00e7\u00e3o Z lidera press\u00e3o por melhores sal\u00e1rios no Brasil","description":"Gera\u00e7\u00e3o Z lidera press\u00f5es nos sal\u00e1rios e mudan\u00e7as no mercado de trabalho. Entenda o impacto e a rela\u00e7\u00e3o com o sal\u00e1rio m\u00ednimo de 2025.","robots":{"index":"index","follow":"follow","max-snippet":"max-snippet:-1","max-image-preview":"max-image-preview:large","max-video-preview":"max-video-preview:-1"},"canonical":"https:\/\/www.jibble.io\/pt-br\/noticias\/salarios-geracao-z","og_locale":"pt_BR","og_type":"article","og_title":"Gera\u00e7\u00e3o Z lidera press\u00e3o por melhores sal\u00e1rios no Brasil","og_description":"Gera\u00e7\u00e3o Z lidera press\u00f5es nos sal\u00e1rios e mudan\u00e7as no mercado de trabalho. Entenda o impacto e a rela\u00e7\u00e3o com o sal\u00e1rio m\u00ednimo de 2025.","og_url":"https:\/\/www.jibble.io\/pt-br\/noticias\/salarios-geracao-z","og_site_name":"Jibble","article_modified_time":"2025-08-23T00:03:31+00:00","og_image":[{"width":1140,"height":761,"url":"https:\/\/www.jibble.io\/wp-content\/uploads\/2025\/08\/Portuguese_annie-spratt-QckxruozjRg-unsplas_compressed.jpg","type":"image\/jpeg"}],"twitter_card":"summary_large_image","twitter_misc":{"Est. tempo de leitura":"4 minutos"},"schema":{"@context":"https:\/\/schema.org","@graph":[{"@type":"NewsArticle","@id":"https:\/\/www.jibble.io\/pt-br\/noticias\/salarios-geracao-z#article","isPartOf":{"@id":"https:\/\/www.jibble.io\/pt-br\/noticias\/salarios-geracao-z"},"author":{"name":"Jennifer Blair","@id":"https:\/\/www.jibble.io\/pt-br#\/schema\/person\/459d1f478476aa66f3a6c02e9fc7ae11"},"headline":"Gera\u00e7\u00e3o Z lidera press\u00e3o por melhores sal\u00e1rios no Brasil","datePublished":"2025-08-21T18:29:54+00:00","dateModified":"2025-08-23T00:03:31+00:00","mainEntityOfPage":{"@id":"https:\/\/www.jibble.io\/pt-br\/noticias\/salarios-geracao-z"},"wordCount":1072,"publisher":{"@id":"https:\/\/www.jibble.io\/pt-br#organization"},"image":{"@id":"https:\/\/www.jibble.io\/pt-br\/noticias\/salarios-geracao-z#primaryimage"},"thumbnailUrl":"https:\/\/www.jibble.io\/wp-content\/uploads\/2025\/08\/Portuguese_annie-spratt-QckxruozjRg-unsplas_compressed.jpg","inLanguage":"pt-BR"},{"@type":"WebPage","@id":"https:\/\/www.jibble.io\/pt-br\/noticias\/salarios-geracao-z","url":"https:\/\/www.jibble.io\/pt-br\/noticias\/salarios-geracao-z","name":"Gera\u00e7\u00e3o Z lidera press\u00e3o por melhores sal\u00e1rios no Brasil","isPartOf":{"@id":"https:\/\/www.jibble.io\/pt-br#website"},"primaryImageOfPage":{"@id":"https:\/\/www.jibble.io\/pt-br\/noticias\/salarios-geracao-z#primaryimage"},"image":{"@id":"https:\/\/www.jibble.io\/pt-br\/noticias\/salarios-geracao-z#primaryimage"},"thumbnailUrl":"https:\/\/www.jibble.io\/wp-content\/uploads\/2025\/08\/Portuguese_annie-spratt-QckxruozjRg-unsplas_compressed.jpg","datePublished":"2025-08-21T18:29:54+00:00","dateModified":"2025-08-23T00:03:31+00:00","description":"Gera\u00e7\u00e3o Z lidera press\u00f5es nos sal\u00e1rios e mudan\u00e7as no mercado de trabalho. Entenda o impacto e a rela\u00e7\u00e3o com o sal\u00e1rio m\u00ednimo de 2025.","inLanguage":"pt-BR","potentialAction":[{"@type":"ReadAction","target":["https:\/\/www.jibble.io\/pt-br\/noticias\/salarios-geracao-z"]}]},{"@type":"ImageObject","inLanguage":"pt-BR","@id":"https:\/\/www.jibble.io\/pt-br\/noticias\/salarios-geracao-z#primaryimage","url":"https:\/\/www.jibble.io\/wp-content\/uploads\/2025\/08\/Portuguese_annie-spratt-QckxruozjRg-unsplas_compressed.jpg","contentUrl":"https:\/\/www.jibble.io\/wp-content\/uploads\/2025\/08\/Portuguese_annie-spratt-QckxruozjRg-unsplas_compressed.jpg","width":1140,"height":761,"caption":"Foto por Annie Spratt no Unsplash"},{"@type":"WebSite","@id":"https:\/\/www.jibble.io\/pt-br#website","url":"https:\/\/www.jibble.io\/pt-br","name":"Jibble","description":"Meet the new standard in time tracking software","publisher":{"@id":"https:\/\/www.jibble.io\/pt-br#organization"},"potentialAction":[{"@type":"SearchAction","target":{"@type":"EntryPoint","urlTemplate":"https:\/\/www.jibble.io\/pt-br?s={search_term_string}"},"query-input":{"@type":"PropertyValueSpecification","valueRequired":true,"valueName":"search_term_string"}}],"inLanguage":"pt-BR"},{"@type":"Organization","@id":"https:\/\/www.jibble.io\/pt-br#organization","name":"Jibble","url":"https:\/\/www.jibble.io\/pt-br","logo":{"@type":"ImageObject","inLanguage":"pt-BR","@id":"https:\/\/www.jibble.io\/pt-br#\/schema\/logo\/image\/","url":"https:\/\/www.jibble.io\/wp-content\/uploads\/2022\/05\/Original-copy-923x1024.png","contentUrl":"https:\/\/www.jibble.io\/wp-content\/uploads\/2022\/05\/Original-copy-923x1024.png","width":"923","height":"1024","caption":"Jibble"},"image":{"@id":"https:\/\/www.jibble.io\/pt-br#\/schema\/logo\/image\/"},"sameAs":["https:\/\/www.linkedin.com\/company\/jibble\/"]},{"@type":"Person","@id":"https:\/\/www.jibble.io\/pt-br#\/schema\/person\/459d1f478476aa66f3a6c02e9fc7ae11","name":"Jennifer Blair","image":{"@type":"ImageObject","inLanguage":"pt-BR","@id":"https:\/\/www.jibble.io\/pt-br#\/schema\/person\/image\/","url":"https:\/\/secure.gravatar.com\/avatar\/5a23d92ddb7d8193867abfdff5ef5599?s=96&d=mm&r=g","contentUrl":"https:\/\/secure.gravatar.com\/avatar\/5a23d92ddb7d8193867abfdff5ef5599?s=96&d=mm&r=g","caption":"Jennifer Blair"}}]}},"_links":{"self":[{"href":"https:\/\/www.jibble.io\/pt-br\/wp-json\/wp\/v2\/news\/312447","targetHints":{"allow":["GET"]}}],"collection":[{"href":"https:\/\/www.jibble.io\/pt-br\/wp-json\/wp\/v2\/news"}],"about":[{"href":"https:\/\/www.jibble.io\/pt-br\/wp-json\/wp\/v2\/types\/news"}],"author":[{"embeddable":true,"href":"https:\/\/www.jibble.io\/pt-br\/wp-json\/wp\/v2\/users\/77"}],"version-history":[{"count":3,"href":"https:\/\/www.jibble.io\/pt-br\/wp-json\/wp\/v2\/news\/312447\/revisions"}],"predecessor-version":[{"id":314301,"href":"https:\/\/www.jibble.io\/pt-br\/wp-json\/wp\/v2\/news\/312447\/revisions\/314301"}],"wp:featuredmedia":[{"embeddable":true,"href":"https:\/\/www.jibble.io\/pt-br\/wp-json\/wp\/v2\/media\/313167"}],"wp:attachment":[{"href":"https:\/\/www.jibble.io\/pt-br\/wp-json\/wp\/v2\/media?parent=312447"}],"wp:term":[{"taxonomy":"news_category","embeddable":true,"href":"https:\/\/www.jibble.io\/pt-br\/wp-json\/wp\/v2\/news_category?post=312447"}],"curies":[{"name":"wp","href":"https:\/\/api.w.org\/{rel}","templated":true}]}}