{"id":305341,"date":"2025-08-07T07:56:06","date_gmt":"2025-08-07T06:56:06","guid":{"rendered":"https:\/\/www.jibble.io\/?post_type=news&#038;p=305341"},"modified":"2025-08-19T08:18:06","modified_gmt":"2025-08-19T07:18:06","slug":"aumento-renda-retira-bolsa-familia","status":"publish","type":"news","link":"https:\/\/www.jibble.io\/pt-br\/noticias\/aumento-renda-retira-bolsa-familia","title":{"rendered":"Aumento no rendimento retira fam\u00edlias do Bolsa Fam\u00edlia em 2025"},"content":{"rendered":"<p>O aumento da renda familiar levou quase um milh\u00e3o de fam\u00edlias a deixarem de receber o Bolsa Fam\u00edlia em julho de 2025, conforme reportado pelo Minist\u00e9rio do Desenvolvimento e Assist\u00eancia Social, Fam\u00edlia e Combate \u00e0 Fome (MDS) em 18 de julho de 2025.<\/p>\n<p>&nbsp;<\/p>\n<p>O dado sinaliza uma mudan\u00e7a estrutural: o crescimento da renda familiar tem permitido que milhares de brasileiros superem a linha da pobreza e deixem de depender do benef\u00edcio.<\/p>\n<p>&nbsp;<\/p>\n<p>Esse movimento n\u00e3o representa uma exclus\u00e3o for\u00e7ada, mas sim um sinal de progresso econ\u00f4mico e social.<\/p>\n<p>&nbsp;<\/p>\n<p>Segundo o governo brasileiro, 536 mil fam\u00edlias deixaram o programa ap\u00f3s cumprirem os 24 meses previstos na chamada Regra de Prote\u00e7\u00e3o &#8211; per\u00edodo em que continuaram a receber 50% do benef\u00edcio, mesmo ap\u00f3s ultrapassarem a renda per capita de R$ 218.<\/p>\n<p>&nbsp;<\/p>\n<p>Outras 385 mil fam\u00edlias deixaram o Bolsa Fam\u00edlia por ultrapassarem o limite de meio <a href=\"https:\/\/www.jibble.io\/pt-br\/artigos\/salario-minimo-brasil\" target=\"_blank\" rel=\"noopener\">sal\u00e1rio m\u00ednimo<\/a> por pessoa (R$ 759), valor que exclui automaticamente a perman\u00eancia no programa.<\/p>\n<p>&nbsp;<\/p>\n<blockquote><p>&#8220;As pessoas ainda acreditam piamente que se conseguirem um emprego formal, perder\u00e3o o benef\u00edcio. Estamos trabalhando para dissipar esse mito.&#8221; destacou a secret\u00e1ria Nacional de Renda de Cidadania do MDS, Eliane Aquino.<\/p><\/blockquote>\n<p>&nbsp;<\/p>\n<h2 style=\"font-weight: 400;\">O que \u00e9 a Regra de Prote\u00e7\u00e3o do Bolsa Fam\u00edlia?<\/h2>\n<p>&nbsp;<\/p>\n<p>A Regra de Prote\u00e7\u00e3o foi uma das principais inova\u00e7\u00f5es do novo Bolsa Fam\u00edlia, relan\u00e7ado h\u00e1 dois anos pelo presidente Luiz In\u00e1cio Lula da Silva.<\/p>\n<p>&nbsp;<\/p>\n<p>O programa, reconhecido internacionalmente como refer\u00eancia em transfer\u00eancia de renda, integra as pol\u00edticas sociais voltadas para fam\u00edlias em situa\u00e7\u00e3o de vulnerabilidade.<\/p>\n<p>&nbsp;<\/p>\n<p>Essa regra permite que, mesmo ap\u00f3s superarem temporariamente o limite de renda exigido, as fam\u00edlias continuem a receber 50% do valor do benef\u00edcio por at\u00e9 24 meses. O objetivo \u00e9 garantir uma transi\u00e7\u00e3o segura e evitar que avan\u00e7os salariais pontuais resultem na perda imediata do apoio.<\/p>\n<p>&nbsp;<\/p>\n<p>Al\u00e9m disso, foi implementado o Retorno Garantido, que assegura prioridade no reingresso ao programa para fam\u00edlias que voltarem a enfrentar a pobreza ap\u00f3s o desligamento, seja volunt\u00e1rio ou pelo fim do per\u00edodo de transi\u00e7\u00e3o.<\/p>\n<p>&nbsp;<\/p>\n<h2 style=\"font-weight: 400;\">Crescimento da renda familiar impulsiona autonomia<\/h2>\n<p>&nbsp;<\/p>\n<p>O aumento da renda per capita \u00e9 resultado direto da recupera\u00e7\u00e3o do mercado de trabalho e da formaliza\u00e7\u00e3o de empregos.<\/p>\n<p>&nbsp;<\/p>\n<p>Em 2024, 98,87% das vagas de trabalho formal criadas foram ocupadas por pessoas inscritas no Cadastro \u00danico, e 75,5% eram benefici\u00e1rios do programa.<\/p>\n<p>&nbsp;<\/p>\n<blockquote><p>O que \u00e9 o Cadastro \u00danico?<\/p>\n<p>O <strong style=\"color: #ff6600;\">Cadastro \u00danico<\/strong> (Cad\u00danico) \u00e9 a principal base de dados do governo federal para identificar fam\u00edlias de baixa renda no Brasil. Ele re\u00fane informa\u00e7\u00f5es sobre renda, moradia, escolaridade e composi\u00e7\u00e3o familiar, sendo utilizado para conceder benef\u00edcios sociais como o Bolsa Fam\u00edlia, Aux\u00edlio G\u00e1s, P\u00e9-de-Meia e Minha Casa Minha Vida.<\/p><\/blockquote>\n<p>&nbsp;<\/p>\n<p>Esse avan\u00e7o demonstra que o Bolsa Fam\u00edlia n\u00e3o s\u00f3 ampara, mas tamb\u00e9m prepara as fam\u00edlias para sair da vulnerabilidade.<\/p>\n<p>&nbsp;<\/p>\n<p>A moderniza\u00e7\u00e3o do Cadastro \u00danico, com cruzamento de dados com o Cadastro Nacional de Informa\u00e7\u00f5es Sociais (CNIS), tem contribu\u00eddo para atualizar automaticamente as informa\u00e7\u00f5es de renda das fam\u00edlias. Essa integra\u00e7\u00e3o tecnol\u00f3gica torna o sistema mais justo e preciso.<\/p>\n<p>&nbsp;<\/p>\n<h2 style=\"font-weight: 400;\">Nova realidade para milh\u00f5es de brasileiros que beneficiaram do Bolsa Fam\u00edlia<\/h2>\n<p>&nbsp;<\/p>\n<p>Desde mar\u00e7o de 2023, 8,6 milh\u00f5es de fam\u00edlias j\u00e1 sa\u00edram do Bolsa Fam\u00edlia, em sua maioria por melhora da condi\u00e7\u00e3o financeira.<\/p>\n<p>&nbsp;<\/p>\n<p>Apenas em 2023, mais de 24 milh\u00f5es de brasileiros deixaram a inseguran\u00e7a alimentar grave, segundo o <a href=\"https:\/\/www.gov.br\/mds\/pt-br\" target=\"_blank\" rel=\"noopener\">Minist\u00e9rio do Desenvolvimento e Assist\u00eancia Social, Fam\u00edlia e Combate \u00e0 Fome<\/a>.<\/p>\n<p>&nbsp;<\/p>\n<p>A meta do governo brasileiro era que o pa\u00eds voltasse a sair do Mapa da Fome at\u00e9 2026, como j\u00e1 havia ocorrido em 2014. Isso ocorreu antes, conforme anunciado em 28 de julho pela Organiza\u00e7\u00e3o das Na\u00e7\u00f5es Unidas (ONU)<\/p>\n<p>&nbsp;<\/p>\n<p>A retomada de investimentos sociais em programas como o Programa de Aquisi\u00e7\u00e3o de Alimentos (PAA), o Programa Cisternas e o plano Brasil Sem Fome possibilitaram essa conquista.<\/p>\n<p>&nbsp;<\/p>\n<h2 style=\"font-weight: 400;\">Novas condi\u00e7\u00f5es do Bolsa Fam\u00edlia<\/h2>\n<p>&nbsp;<\/p>\n<p>A partir de julho de 2025, fam\u00edlias que aumentaram sua renda para valores entre R$ 218 e R$ 706 per capita entram em nova fase de transi\u00e7\u00e3o. Nesses casos, o pagamento do Bolsa Fam\u00edlia continua, mas em valor reduzido (50%) e por um per\u00edodo m\u00e1ximo de 12 meses.<\/p>\n<p>&nbsp;<\/p>\n<p>O ajuste est\u00e1 alinhado com a linha internacional de pobreza, adotando crit\u00e9rios usados em estudos sobre distribui\u00e7\u00e3o de renda global.<\/p>\n<p>&nbsp;<\/p>\n<p>Fam\u00edlias com renda est\u00e1vel ou permanente &#8211; como aposentadorias ou o Benef\u00edcio de Presta\u00e7\u00e3o Continuada (BPC) &#8211; continuam no programa por at\u00e9 dois meses.<\/p>\n<p>&nbsp;<\/p>\n<p>Nesses casos, como j\u00e1 existe uma rede de prote\u00e7\u00e3o garantida pelo Estado, o apoio tempor\u00e1rio do Bolsa Fam\u00edlia contribui para uma transi\u00e7\u00e3o mais previs\u00edvel no or\u00e7amento familiar.<\/p>\n<p>&nbsp;<\/p>\n<p>Em lares com pessoas com defici\u00eancia, o per\u00edodo de transi\u00e7\u00e3o na Regra de Prote\u00e7\u00e3o \u00e9 estendido para at\u00e9 12 meses, dado o car\u00e1ter peri\u00f3dico das revis\u00f5es do BPC.<\/p>\n<p>&nbsp;<\/p>\n<h2 style=\"font-weight: 400;\">O Bolsa Fam\u00edlia como ponte, n\u00e3o destino<\/h2>\n<p>&nbsp;<\/p>\n<p>Em julho, o n\u00famero de benefici\u00e1rios do Bolsa Fam\u00edlia caiu para 19,6 milh\u00f5es &#8211; o menor registrado desde a reformula\u00e7\u00e3o do programa, em mar\u00e7o de 2023, pelo governo do presidente Luiz In\u00e1cio Lula da Silva.<\/p>\n<p>&nbsp;<\/p>\n<p>A meta do governo \u00e9 consolidar o Bolsa Fam\u00edlia como uma ponte para a autonomia, e n\u00e3o como um fim em si.<\/p>\n<p>&nbsp;<\/p>\n<p>Para isso, iniciativas de inclus\u00e3o produtiva, educa\u00e7\u00e3o financeira e programas de emprego seguem sendo pilares da estrat\u00e9gia nacional de combate \u00e0 pobreza.<\/p>\n<p>&nbsp;<\/p>\n<blockquote><p>Artigos Relacionados:<\/p>\n<p><a href=\"https:\/\/www.jibble.io\/pt-br\/leis-trabalhistas\/leis-trabalhistas-brasil\">Leis Trabalhistas do Brasil<\/a><\/p>\n<p><a href=\"https:\/\/www.jibble.io\/pt-br\/artigos\/salario-minimo-brasil\">Qual o Sal\u00e1rio M\u00ednimo no Brasil em 2025?<\/a><\/p>\n<p><a href=\"https:\/\/www.jibble.io\/pt-br\/noticias\/salario-minimo-brasil-2026\">Brasil ter\u00e1 maior sal\u00e1rio m\u00ednimo real em 50 anos: R$ 1.630 em 2026<\/a><\/p>\n<p><a href=\"https:\/\/www.jibble.io\/pt-br\/artigos\/o-que-significa-clt\">O Que Significa CLT? Descubra o Que \u00e9 e Como Funciona<\/a><\/p>\n<p><a href=\"https:\/\/www.jibble.io\/pt-br\/artigos\/clt-ou-pj\">CLT ou PJ: Qual a Melhor Op\u00e7\u00e3o?<\/a><\/p><\/blockquote>\n","protected":false},"author":77,"featured_media":305788,"parent":0,"menu_order":0,"template":"","meta":{"_acf_changed":false,"footnotes":""},"news_category":[1235,1368],"class_list":["post-305341","news","type-news","status-publish","has-post-thumbnail","hentry","news_category-mundo","news_category-salario-digno"],"acf":[],"yoast_head":"<!-- This site is optimized with the Yoast SEO Premium plugin v26.8 (Yoast SEO v26.8) - https:\/\/yoast.com\/product\/yoast-seo-premium-wordpress\/ -->\n<title>Renda maior retira fam\u00edlias do Bolsa Fam\u00edlia em 2025<\/title>\n<meta name=\"description\" content=\"Crescimento da renda familiar faz 1 milh\u00e3o de fam\u00edlias deixarem o Bolsa Fam\u00edlia em julho de 2025, segundo o governo brasileiro.\" \/>\n<meta name=\"robots\" content=\"index, follow, max-snippet:-1, max-image-preview:large, max-video-preview:-1\" \/>\n<link rel=\"canonical\" href=\"https:\/\/www.jibble.io\/pt-br\/noticias\/aumento-renda-retira-bolsa-familia\" \/>\n<meta property=\"og:locale\" content=\"pt_BR\" \/>\n<meta property=\"og:type\" content=\"article\" \/>\n<meta property=\"og:title\" content=\"Aumento no rendimento retira fam\u00edlias do Bolsa Fam\u00edlia em 2025\" \/>\n<meta property=\"og:description\" content=\"Crescimento da renda familiar faz 1 milh\u00e3o de fam\u00edlias deixarem o Bolsa Fam\u00edlia em julho de 2025, segundo o governo brasileiro.\" \/>\n<meta property=\"og:url\" content=\"https:\/\/www.jibble.io\/pt-br\/noticias\/aumento-renda-retira-bolsa-familia\" \/>\n<meta property=\"og:site_name\" content=\"Jibble\" \/>\n<meta property=\"article:modified_time\" content=\"2025-08-19T07:18:06+00:00\" \/>\n<meta property=\"og:image\" content=\"https:\/\/www.jibble.io\/wp-content\/uploads\/2025\/08\/Portuguese_william-f-santos-WjvrLSTkRck-unsplash_compressed.jpg\" \/>\n\t<meta property=\"og:image:width\" content=\"1140\" \/>\n\t<meta property=\"og:image:height\" content=\"760\" \/>\n\t<meta property=\"og:image:type\" content=\"image\/jpeg\" \/>\n<meta name=\"twitter:card\" content=\"summary_large_image\" \/>\n<meta name=\"twitter:label1\" content=\"Est. tempo de leitura\" \/>\n\t<meta name=\"twitter:data1\" content=\"4 minutos\" \/>\n<script type=\"application\/ld+json\" class=\"yoast-schema-graph\">{\"@context\":\"https:\/\/schema.org\",\"@graph\":[{\"@type\":\"NewsArticle\",\"@id\":\"https:\/\/www.jibble.io\/pt-br\/noticias\/aumento-renda-retira-bolsa-familia#article\",\"isPartOf\":{\"@id\":\"https:\/\/www.jibble.io\/pt-br\/noticias\/aumento-renda-retira-bolsa-familia\"},\"author\":{\"name\":\"Jennifer Blair\",\"@id\":\"https:\/\/www.jibble.io\/pt-br#\/schema\/person\/459d1f478476aa66f3a6c02e9fc7ae11\"},\"headline\":\"Aumento no rendimento retira fam\u00edlias do Bolsa Fam\u00edlia em 2025\",\"datePublished\":\"2025-08-07T06:56:06+00:00\",\"dateModified\":\"2025-08-19T07:18:06+00:00\",\"mainEntityOfPage\":{\"@id\":\"https:\/\/www.jibble.io\/pt-br\/noticias\/aumento-renda-retira-bolsa-familia\"},\"wordCount\":1027,\"publisher\":{\"@id\":\"https:\/\/www.jibble.io\/pt-br#organization\"},\"image\":{\"@id\":\"https:\/\/www.jibble.io\/pt-br\/noticias\/aumento-renda-retira-bolsa-familia#primaryimage\"},\"thumbnailUrl\":\"https:\/\/www.jibble.io\/wp-content\/uploads\/2025\/08\/Portuguese_william-f-santos-WjvrLSTkRck-unsplash_compressed.jpg\",\"inLanguage\":\"pt-BR\"},{\"@type\":\"WebPage\",\"@id\":\"https:\/\/www.jibble.io\/pt-br\/noticias\/aumento-renda-retira-bolsa-familia\",\"url\":\"https:\/\/www.jibble.io\/pt-br\/noticias\/aumento-renda-retira-bolsa-familia\",\"name\":\"Renda maior retira fam\u00edlias do Bolsa Fam\u00edlia em 2025\",\"isPartOf\":{\"@id\":\"https:\/\/www.jibble.io\/pt-br#website\"},\"primaryImageOfPage\":{\"@id\":\"https:\/\/www.jibble.io\/pt-br\/noticias\/aumento-renda-retira-bolsa-familia#primaryimage\"},\"image\":{\"@id\":\"https:\/\/www.jibble.io\/pt-br\/noticias\/aumento-renda-retira-bolsa-familia#primaryimage\"},\"thumbnailUrl\":\"https:\/\/www.jibble.io\/wp-content\/uploads\/2025\/08\/Portuguese_william-f-santos-WjvrLSTkRck-unsplash_compressed.jpg\",\"datePublished\":\"2025-08-07T06:56:06+00:00\",\"dateModified\":\"2025-08-19T07:18:06+00:00\",\"description\":\"Crescimento da renda familiar faz 1 milh\u00e3o de fam\u00edlias deixarem o Bolsa Fam\u00edlia em julho de 2025, segundo o governo brasileiro.\",\"inLanguage\":\"pt-BR\",\"potentialAction\":[{\"@type\":\"ReadAction\",\"target\":[\"https:\/\/www.jibble.io\/pt-br\/noticias\/aumento-renda-retira-bolsa-familia\"]}]},{\"@type\":\"ImageObject\",\"inLanguage\":\"pt-BR\",\"@id\":\"https:\/\/www.jibble.io\/pt-br\/noticias\/aumento-renda-retira-bolsa-familia#primaryimage\",\"url\":\"https:\/\/www.jibble.io\/wp-content\/uploads\/2025\/08\/Portuguese_william-f-santos-WjvrLSTkRck-unsplash_compressed.jpg\",\"contentUrl\":\"https:\/\/www.jibble.io\/wp-content\/uploads\/2025\/08\/Portuguese_william-f-santos-WjvrLSTkRck-unsplash_compressed.jpg\",\"width\":1140,\"height\":760,\"caption\":\"Foto por william f. santos no Unsplash\"},{\"@type\":\"WebSite\",\"@id\":\"https:\/\/www.jibble.io\/pt-br#website\",\"url\":\"https:\/\/www.jibble.io\/pt-br\",\"name\":\"Jibble\",\"description\":\"Meet the new standard in time tracking software\",\"publisher\":{\"@id\":\"https:\/\/www.jibble.io\/pt-br#organization\"},\"potentialAction\":[{\"@type\":\"SearchAction\",\"target\":{\"@type\":\"EntryPoint\",\"urlTemplate\":\"https:\/\/www.jibble.io\/pt-br?s={search_term_string}\"},\"query-input\":{\"@type\":\"PropertyValueSpecification\",\"valueRequired\":true,\"valueName\":\"search_term_string\"}}],\"inLanguage\":\"pt-BR\"},{\"@type\":\"Organization\",\"@id\":\"https:\/\/www.jibble.io\/pt-br#organization\",\"name\":\"Jibble\",\"url\":\"https:\/\/www.jibble.io\/pt-br\",\"logo\":{\"@type\":\"ImageObject\",\"inLanguage\":\"pt-BR\",\"@id\":\"https:\/\/www.jibble.io\/pt-br#\/schema\/logo\/image\/\",\"url\":\"https:\/\/www.jibble.io\/wp-content\/uploads\/2022\/05\/Original-copy-923x1024.png\",\"contentUrl\":\"https:\/\/www.jibble.io\/wp-content\/uploads\/2022\/05\/Original-copy-923x1024.png\",\"width\":\"923\",\"height\":\"1024\",\"caption\":\"Jibble\"},\"image\":{\"@id\":\"https:\/\/www.jibble.io\/pt-br#\/schema\/logo\/image\/\"},\"sameAs\":[\"https:\/\/www.linkedin.com\/company\/jibble\/\"]},{\"@type\":\"Person\",\"@id\":\"https:\/\/www.jibble.io\/pt-br#\/schema\/person\/459d1f478476aa66f3a6c02e9fc7ae11\",\"name\":\"Jennifer Blair\",\"image\":{\"@type\":\"ImageObject\",\"inLanguage\":\"pt-BR\",\"@id\":\"https:\/\/www.jibble.io\/pt-br#\/schema\/person\/image\/\",\"url\":\"https:\/\/secure.gravatar.com\/avatar\/5a23d92ddb7d8193867abfdff5ef5599?s=96&d=mm&r=g\",\"contentUrl\":\"https:\/\/secure.gravatar.com\/avatar\/5a23d92ddb7d8193867abfdff5ef5599?s=96&d=mm&r=g\",\"caption\":\"Jennifer Blair\"}}]}<\/script>\n<!-- \/ Yoast SEO Premium plugin. -->","yoast_head_json":{"title":"Renda maior retira fam\u00edlias do Bolsa Fam\u00edlia em 2025","description":"Crescimento da renda familiar faz 1 milh\u00e3o de fam\u00edlias deixarem o Bolsa Fam\u00edlia em julho de 2025, segundo o governo brasileiro.","robots":{"index":"index","follow":"follow","max-snippet":"max-snippet:-1","max-image-preview":"max-image-preview:large","max-video-preview":"max-video-preview:-1"},"canonical":"https:\/\/www.jibble.io\/pt-br\/noticias\/aumento-renda-retira-bolsa-familia","og_locale":"pt_BR","og_type":"article","og_title":"Aumento no rendimento retira fam\u00edlias do Bolsa Fam\u00edlia em 2025","og_description":"Crescimento da renda familiar faz 1 milh\u00e3o de fam\u00edlias deixarem o Bolsa Fam\u00edlia em julho de 2025, segundo o governo brasileiro.","og_url":"https:\/\/www.jibble.io\/pt-br\/noticias\/aumento-renda-retira-bolsa-familia","og_site_name":"Jibble","article_modified_time":"2025-08-19T07:18:06+00:00","og_image":[{"width":1140,"height":760,"url":"https:\/\/www.jibble.io\/wp-content\/uploads\/2025\/08\/Portuguese_william-f-santos-WjvrLSTkRck-unsplash_compressed.jpg","type":"image\/jpeg"}],"twitter_card":"summary_large_image","twitter_misc":{"Est. tempo de leitura":"4 minutos"},"schema":{"@context":"https:\/\/schema.org","@graph":[{"@type":"NewsArticle","@id":"https:\/\/www.jibble.io\/pt-br\/noticias\/aumento-renda-retira-bolsa-familia#article","isPartOf":{"@id":"https:\/\/www.jibble.io\/pt-br\/noticias\/aumento-renda-retira-bolsa-familia"},"author":{"name":"Jennifer Blair","@id":"https:\/\/www.jibble.io\/pt-br#\/schema\/person\/459d1f478476aa66f3a6c02e9fc7ae11"},"headline":"Aumento no rendimento retira fam\u00edlias do Bolsa Fam\u00edlia em 2025","datePublished":"2025-08-07T06:56:06+00:00","dateModified":"2025-08-19T07:18:06+00:00","mainEntityOfPage":{"@id":"https:\/\/www.jibble.io\/pt-br\/noticias\/aumento-renda-retira-bolsa-familia"},"wordCount":1027,"publisher":{"@id":"https:\/\/www.jibble.io\/pt-br#organization"},"image":{"@id":"https:\/\/www.jibble.io\/pt-br\/noticias\/aumento-renda-retira-bolsa-familia#primaryimage"},"thumbnailUrl":"https:\/\/www.jibble.io\/wp-content\/uploads\/2025\/08\/Portuguese_william-f-santos-WjvrLSTkRck-unsplash_compressed.jpg","inLanguage":"pt-BR"},{"@type":"WebPage","@id":"https:\/\/www.jibble.io\/pt-br\/noticias\/aumento-renda-retira-bolsa-familia","url":"https:\/\/www.jibble.io\/pt-br\/noticias\/aumento-renda-retira-bolsa-familia","name":"Renda maior retira fam\u00edlias do Bolsa Fam\u00edlia em 2025","isPartOf":{"@id":"https:\/\/www.jibble.io\/pt-br#website"},"primaryImageOfPage":{"@id":"https:\/\/www.jibble.io\/pt-br\/noticias\/aumento-renda-retira-bolsa-familia#primaryimage"},"image":{"@id":"https:\/\/www.jibble.io\/pt-br\/noticias\/aumento-renda-retira-bolsa-familia#primaryimage"},"thumbnailUrl":"https:\/\/www.jibble.io\/wp-content\/uploads\/2025\/08\/Portuguese_william-f-santos-WjvrLSTkRck-unsplash_compressed.jpg","datePublished":"2025-08-07T06:56:06+00:00","dateModified":"2025-08-19T07:18:06+00:00","description":"Crescimento da renda familiar faz 1 milh\u00e3o de fam\u00edlias deixarem o Bolsa Fam\u00edlia em julho de 2025, segundo o governo brasileiro.","inLanguage":"pt-BR","potentialAction":[{"@type":"ReadAction","target":["https:\/\/www.jibble.io\/pt-br\/noticias\/aumento-renda-retira-bolsa-familia"]}]},{"@type":"ImageObject","inLanguage":"pt-BR","@id":"https:\/\/www.jibble.io\/pt-br\/noticias\/aumento-renda-retira-bolsa-familia#primaryimage","url":"https:\/\/www.jibble.io\/wp-content\/uploads\/2025\/08\/Portuguese_william-f-santos-WjvrLSTkRck-unsplash_compressed.jpg","contentUrl":"https:\/\/www.jibble.io\/wp-content\/uploads\/2025\/08\/Portuguese_william-f-santos-WjvrLSTkRck-unsplash_compressed.jpg","width":1140,"height":760,"caption":"Foto por william f. santos no Unsplash"},{"@type":"WebSite","@id":"https:\/\/www.jibble.io\/pt-br#website","url":"https:\/\/www.jibble.io\/pt-br","name":"Jibble","description":"Meet the new standard in time tracking software","publisher":{"@id":"https:\/\/www.jibble.io\/pt-br#organization"},"potentialAction":[{"@type":"SearchAction","target":{"@type":"EntryPoint","urlTemplate":"https:\/\/www.jibble.io\/pt-br?s={search_term_string}"},"query-input":{"@type":"PropertyValueSpecification","valueRequired":true,"valueName":"search_term_string"}}],"inLanguage":"pt-BR"},{"@type":"Organization","@id":"https:\/\/www.jibble.io\/pt-br#organization","name":"Jibble","url":"https:\/\/www.jibble.io\/pt-br","logo":{"@type":"ImageObject","inLanguage":"pt-BR","@id":"https:\/\/www.jibble.io\/pt-br#\/schema\/logo\/image\/","url":"https:\/\/www.jibble.io\/wp-content\/uploads\/2022\/05\/Original-copy-923x1024.png","contentUrl":"https:\/\/www.jibble.io\/wp-content\/uploads\/2022\/05\/Original-copy-923x1024.png","width":"923","height":"1024","caption":"Jibble"},"image":{"@id":"https:\/\/www.jibble.io\/pt-br#\/schema\/logo\/image\/"},"sameAs":["https:\/\/www.linkedin.com\/company\/jibble\/"]},{"@type":"Person","@id":"https:\/\/www.jibble.io\/pt-br#\/schema\/person\/459d1f478476aa66f3a6c02e9fc7ae11","name":"Jennifer Blair","image":{"@type":"ImageObject","inLanguage":"pt-BR","@id":"https:\/\/www.jibble.io\/pt-br#\/schema\/person\/image\/","url":"https:\/\/secure.gravatar.com\/avatar\/5a23d92ddb7d8193867abfdff5ef5599?s=96&d=mm&r=g","contentUrl":"https:\/\/secure.gravatar.com\/avatar\/5a23d92ddb7d8193867abfdff5ef5599?s=96&d=mm&r=g","caption":"Jennifer Blair"}}]}},"_links":{"self":[{"href":"https:\/\/www.jibble.io\/pt-br\/wp-json\/wp\/v2\/news\/305341","targetHints":{"allow":["GET"]}}],"collection":[{"href":"https:\/\/www.jibble.io\/pt-br\/wp-json\/wp\/v2\/news"}],"about":[{"href":"https:\/\/www.jibble.io\/pt-br\/wp-json\/wp\/v2\/types\/news"}],"author":[{"embeddable":true,"href":"https:\/\/www.jibble.io\/pt-br\/wp-json\/wp\/v2\/users\/77"}],"version-history":[{"count":3,"href":"https:\/\/www.jibble.io\/pt-br\/wp-json\/wp\/v2\/news\/305341\/revisions"}],"predecessor-version":[{"id":312388,"href":"https:\/\/www.jibble.io\/pt-br\/wp-json\/wp\/v2\/news\/305341\/revisions\/312388"}],"wp:featuredmedia":[{"embeddable":true,"href":"https:\/\/www.jibble.io\/pt-br\/wp-json\/wp\/v2\/media\/305788"}],"wp:attachment":[{"href":"https:\/\/www.jibble.io\/pt-br\/wp-json\/wp\/v2\/media?parent=305341"}],"wp:term":[{"taxonomy":"news_category","embeddable":true,"href":"https:\/\/www.jibble.io\/pt-br\/wp-json\/wp\/v2\/news_category?post=305341"}],"curies":[{"name":"wp","href":"https:\/\/api.w.org\/{rel}","templated":true}]}}