{"id":301904,"date":"2025-07-31T09:56:40","date_gmt":"2025-07-31T08:56:40","guid":{"rendered":"https:\/\/www.jibble.io\/?post_type=news&#038;p=301904"},"modified":"2025-08-19T09:35:38","modified_gmt":"2025-08-19T08:35:38","slug":"reforma-laboral-portugal","status":"publish","type":"news","link":"https:\/\/www.jibble.io\/pt-br\/noticias\/reforma-laboral-portugal","title":{"rendered":"Nova reforma laboral amplia licen\u00e7a parental e faltas por assist\u00eancia"},"content":{"rendered":"<p>O Governo portugu\u00eas aprovou, a 18 de julho de 2025, um anteprojeto de reforma \u00e0 <a href=\"https:\/\/www.jibble.io\/pt-br\/leis-trabalhistas\/leis-laborais-em-portugal\" target=\"_blank\" rel=\"noopener\">lei laboral<\/a>\u00a0em Conselho de Ministros, como reportado pelo site Not\u00edcias ao Minuto.<\/p>\n<p>&nbsp;<\/p>\n<p>O pacote legislativo<span style=\"font-weight: 400;\"> rev\u00ea mais de uma centena de artigos do<\/span> <a href=\"https:\/\/diariodarepublica.pt\/dr\/legislacao-consolidada\/lei\/2009-34546475\" target=\"_blank\" rel=\"noopener\">C\u00f3digo do Trabalho portugu\u00eas<\/a>\u00a0<span style=\"font-weight: 400;\">e inclui mudan\u00e7as significativas nas licen\u00e7as parentais, de ado\u00e7\u00e3o e de amamenta\u00e7\u00e3o, al\u00e9m de prever faltas justificadas para acompanhantes em casos de interrup\u00e7\u00e3o da gravidez.<\/span><\/p>\n<p>&nbsp;<\/p>\n<p>Apresentada como uma resposta \u00e0 rigidez do atual modelo laboral, a reforma &#8211; intitulada <strong>Trabalho XXI<\/strong> &#8211; visa, segundo o executivo, aumentar a competitividade econ\u00f3mica, promover o emprego jovem e dinamizar a negocia\u00e7\u00e3o coletiva.<\/p>\n<p>&nbsp;<\/p>\n<blockquote><p>\u201cO atual sistema est\u00e1 ancorado num modelo de rela\u00e7\u00f5es laborais do s\u00e9culo XX. Queremos modernizar, n\u00e3o retirar direitos\u201d, defendeu a ministra do Trabalho na SIC Not\u00edcias.<\/p><\/blockquote>\n<p>&nbsp;<\/p>\n<p>No entanto, o diploma tem gerado fortes rea\u00e7\u00f5es e cr\u00edticas, tanto entre sindicatos como partidos da oposi\u00e7\u00e3o.<\/p>\n<p>&nbsp;<\/p>\n<h2><span style=\"font-weight: 400;\">O que muda nas licen\u00e7as parentais e por assist\u00eancia?<\/span><\/h2>\n<p>&nbsp;<\/p>\n<p>Um dos pontos centrais da reforma laboral proposta pelo Governo portugu\u00eas est\u00e1 relacionado com a revis\u00e3o das licen\u00e7as parentais e das faltas por assist\u00eancia, com impacto direto nas fam\u00edlias e na concilia\u00e7\u00e3o entre vida profissional e pessoal.<\/p>\n<p>&nbsp;<\/p>\n<p>A proposta de altera\u00e7\u00e3o ao artigo 43.\u00ba do C\u00f3digo do Trabalho refor\u00e7a a obrigatoriedade da licen\u00e7a parental exclusiva do pai. Se aprovada, a nova reda\u00e7\u00e3o tornar\u00e1 obrigat\u00f3ria a licen\u00e7a de 28 dias para os pais, a ser gozada nos 42 dias seguintes ao nascimento da crian\u00e7a. Desses 28 dias, 14 ter\u00e3o de ser gozados consecutivamente, imediatamente ap\u00f3s o parto. Na legisla\u00e7\u00e3o atual, exige-se o gozo de sete dias consecutivos nesse per\u00edodo.<\/p>\n<p>&nbsp;<\/p>\n<p>Outra altera\u00e7\u00e3o relevante est\u00e1 relacionada com a licen\u00e7a por interrup\u00e7\u00e3o da gravidez. Segundo o anteprojeto, o acompanhante da trabalhadora que enfrente esta situa\u00e7\u00e3o poder\u00e1 beneficiar de faltas justificadas, enquadradas no regime previsto para a assist\u00eancia a membros do agregado familiar.<\/p>\n<p>&nbsp;<\/p>\n<p>No caso das licen\u00e7as de ado\u00e7\u00e3o e da licen\u00e7a parental inicial, o Governo prev\u00ea ajustes nos prazos e nas condi\u00e7\u00f5es de atribui\u00e7\u00e3o, embora os detalhes espec\u00edficos ainda estejam em negocia\u00e7\u00e3o com os parceiros sociais.<\/p>\n<p>&nbsp;<\/p>\n<h2><span style=\"font-weight: 400;\">Outras mudan\u00e7as na lei laboral<\/span><\/h2>\n<p>&nbsp;<\/p>\n<p><span style=\"font-weight: 400;\">A ministra do Trabalho, Maria do Ros\u00e1rio Palma Ramalho, tamb\u00e9m divulgou outras altera\u00e7\u00f5es \u00e0 reforma laboral:<\/span><\/p>\n<p>&nbsp;<\/p>\n<ul>\n<li><strong>Contratos a termo<\/strong> &#8211; o per\u00edodo inicial passa de seis meses para um ano, com a renova\u00e7\u00e3o alargada de dois para tr\u00eas anos. Os contratos a termo incerto passam de quatro para cinco anos.<\/li>\n<li><strong>Greves e servi\u00e7os m\u00ednimos<\/strong> &#8211; ser\u00e1 obrigat\u00f3ria a defini\u00e7\u00e3o de servi\u00e7os m\u00ednimos em setores vitais como transportes, lares, creches e cuidados continuados.<\/li>\n<li><strong>Compra de dias de f\u00e9rias<\/strong> &#8211; introdu\u00e7\u00e3o de duas faltas n\u00e3o remuneradas anuais, sem perda de outros direitos como subs\u00eddio de f\u00e9rias e natal.<\/li>\n<li><strong>Duod\u00e9cimos<\/strong> &#8211; trabalhadores poder\u00e3o escolher novamente entre receber os subs\u00eddios de f\u00e9rias e Natal em duod\u00e9cimos ou de forma tradicional.<\/li>\n<li><strong>Reforma do outsourcing<\/strong> &#8211; fim das restri\u00e7\u00f5es introduzidas pela Agenda do Trabalho Digno, permitindo a externaliza\u00e7\u00e3o ap\u00f3s despedimentos.<\/li>\n<li><strong>Banco de horas individual<\/strong> &#8211; pode voltar a ser aplicado, desde que previsto na conven\u00e7\u00e3o coletiva. Permite at\u00e9 2 horas extra por dia, atingir 50 horas semanais e um limite m\u00e1ximo de 150 horas por ano, com compensa\u00e7\u00e3o em descanso, f\u00e9rias ou pagamento.<\/li>\n<\/ul>\n<p>&nbsp;<\/p>\n<h2><span style=\"font-weight: 400;\">Apoio das confedera\u00e7\u00f5es empresariais \u00e0 reforma laboral<\/span><\/h2>\n<p>&nbsp;<\/p>\n<p>As principais confedera\u00e7\u00f5es patronais &#8211; Confedera\u00e7\u00e3o Empresarial de Portugal (CIP), Confedera\u00e7\u00e3o do Com\u00e9rcio e Servi\u00e7os de Portugal (CCP) e Confedera\u00e7\u00e3o do Turismo de Portugal (CTP) &#8211; saudaram a reforma \u00e0 lei laboral em Portugal, elogiando o facto de o Governo ter optado por um anteprojeto de lei, em vez de decreto-lei, permitindo um processo negocial em sede de concerta\u00e7\u00e3o social.<\/p>\n<p>&nbsp;<\/p>\n<p>Armindo Monteiro, presidente da CIP, considera que a proposta corrige falhas da Agenda do Trabalho Digno e representa um ponto de partida s\u00f3lido, embora admita que ainda h\u00e1 espa\u00e7o para melhorias substanciais.<\/p>\n<p>&nbsp;<\/p>\n<p>Tamb\u00e9m Francisco Calheiros (CTP) e Jo\u00e3o Vieira Lopes (CCP) destacaram a abrang\u00eancia do anteprojeto e o potencial impacto positivo em \u00e1reas como o turismo, o com\u00e9rcio e os servi\u00e7os.<\/p>\n<p>&nbsp;<\/p>\n<h2><span style=\"font-weight: 400;\">Sindicatos rejeitam proposta e falam em retrocesso na lei laboral<\/span><\/h2>\n<p>&nbsp;<\/p>\n<p>Em sentido oposto, as centrais sindicais levantaram cr\u00edticas \u00e0 proposta do Governo. M\u00e1rio Mour\u00e3o, secret\u00e1rio-geral da Uni\u00e3o Geral de Trabalhadores (UGT), alertou para o impacto negativo de algumas medidas nos direitos laborais e defendeu que o documento deve ser cuidadosamente analisado antes de qualquer posi\u00e7\u00e3o formal.<\/p>\n<p>&nbsp;<\/p>\n<p>A Confedera\u00e7\u00e3o Geral dos Trabalhadores Portugueses &#8211; Intersindical Nacional (CGTP) adotou uma posi\u00e7\u00e3o ainda mais cr\u00edtica. Tiago Oliveira acusou o Executivo de querer fazer recuar os direitos dos trabalhadores, apontando riscos concretos para garantias fundamentais como o direito \u00e0 greve e a prote\u00e7\u00e3o no local de trabalho.<\/p>\n<p>&nbsp;<\/p>\n<h2><span style=\"font-weight: 400;\">Partidos da oposi\u00e7\u00e3o manifestam preocupa\u00e7\u00f5es sobre a reforma laboral<\/span><\/h2>\n<p>&nbsp;<\/p>\n<p>No plano pol\u00edtico, PS, PCP, PAN e Livre mostraram-se cr\u00edticos quanto \u00e0 dire\u00e7\u00e3o da reforma laboral em Portugal. Miguel Cabrita, deputado do PS, alertou para o risco de \u201cum recuo de mais de 10 anos\u201d, relembrando a l\u00f3gica da austeridade p\u00f3s-troika.<\/p>\n<p>&nbsp;<\/p>\n<p>J\u00e1 os restantes partidos temem maior precariza\u00e7\u00e3o do trabalho e alertam para a fragiliza\u00e7\u00e3o de direitos fundamentais como o descanso semanal e a organiza\u00e7\u00e3o do tempo de trabalho.<\/p>\n<p>&nbsp;<\/p>\n<h2><span style=\"font-weight: 400;\">O que esperar a seguir?<\/span><\/h2>\n<p>&nbsp;<\/p>\n<p>Tr\u00eas reuni\u00f5es j\u00e1 est\u00e3o agendadas para setembro, incluindo encontros bilaterais. Ainda n\u00e3o h\u00e1 data definida para a conclus\u00e3o do processo negocial, que decorrer\u00e1 no \u00e2mbito da concerta\u00e7\u00e3o social.<\/p>\n<p>&nbsp;<\/p>\n<p>Apesar de a proposta estar ainda em discuss\u00e3o, a reforma promete marcar profundamente a pr\u00f3xima legislatura, reacendendo debates antigos sobre o equil\u00edbrio entre competitividade empresarial e os direitos dos trabalhadores em Portugal.<\/p>\n<p>&nbsp;<\/p>\n<p>Com a nova reforma laboral em debate, torna-se ainda mais importante garantir pr\u00e1ticas de trabalho transparentes, justas e adaptadas \u00e0 legisla\u00e7\u00e3o. Neste contexto, solu\u00e7\u00f5es como <a href=\"https:\/\/www.jibble.io\/pt-br\/relogio-ponto-digital\" target=\"_blank\" rel=\"noopener\">rel\u00f3gios de ponto digitais<\/a> ou softwares de gest\u00e3o de recursos humanos podem desempenhar um papel fundamental na transpar\u00eancia da gest\u00e3o do tempo de trabalho e no cumprimento das novas obriga\u00e7\u00f5es legais.<\/p>\n<p>&nbsp;<\/p>\n<blockquote><p>Artigos Relacionados:<\/p>\n<p><a href=\"https:\/\/www.jibble.io\/pt-br\/leis-trabalhistas\/leis-laborais-em-portugal\/horas-extras\">Horas Extras: O Que Diz a Legisla\u00e7\u00e3o Portuguesa?<\/a><\/p>\n<p><a href=\"https:\/\/www.jibble.io\/pt-br\/leis-trabalhistas\/leis-laborais-em-portugal\/horario-laboral\">Hor\u00e1rio Laboral em Portugal: O Que Diz a ACT?<\/a><\/p>\n<p><a href=\"https:\/\/www.jibble.io\/pt-br\/artigos\/como-funciona-banco-horas-portugal\">Como Funciona o Banco de Horas em Portugal?<\/a><\/p>\n<p><a href=\"https:\/\/www.jibble.io\/pt-br\/leis-trabalhistas\/leis-laborais-em-portugal\/ferias-faltas-licencas-portugal\">Guia Informativo sobre F\u00e9rias, Faltas e Licen\u00e7as em Portugal<\/a><\/p>\n<p><a href=\"https:\/\/www.jibble.io\/pt-br\/artigos\/picar-o-ponto-legislacao-portuguesa\">Picar o Ponto: O Que Diz a Legisla\u00e7\u00e3o Portuguesa?<\/a><\/p><\/blockquote>\n","protected":false},"author":77,"featured_media":301939,"parent":0,"menu_order":0,"template":"","meta":{"_acf_changed":false,"footnotes":""},"news_category":[1252,1235],"class_list":["post-301904","news","type-news","status-publish","has-post-thumbnail","hentry","news_category-atualizacoes-leis-trabalhistas","news_category-mundo"],"acf":[],"yoast_head":"<!-- This site is optimized with the Yoast SEO Premium plugin v26.8 (Yoast SEO v26.8) - https:\/\/yoast.com\/product\/yoast-seo-premium-wordpress\/ -->\n<title>Nova reforma laboral amplia licen\u00e7a parental<\/title>\n<meta name=\"description\" content=\"Governo prop\u00f5e altera\u00e7\u00f5es \u00e0 licen\u00e7a parental e faltas por assist\u00eancia, com novos prazos e obriga\u00e7\u00f5es para pais ap\u00f3s o nascimento do filho.\" \/>\n<meta name=\"robots\" content=\"index, follow, max-snippet:-1, max-image-preview:large, max-video-preview:-1\" \/>\n<link rel=\"canonical\" href=\"https:\/\/www.jibble.io\/pt-br\/noticias\/reforma-laboral-portugal\" \/>\n<meta property=\"og:locale\" content=\"pt_BR\" \/>\n<meta property=\"og:type\" content=\"article\" \/>\n<meta property=\"og:title\" content=\"Nova reforma laboral amplia licen\u00e7a parental e faltas por assist\u00eancia\" \/>\n<meta property=\"og:description\" content=\"Governo prop\u00f5e altera\u00e7\u00f5es \u00e0 licen\u00e7a parental e faltas por assist\u00eancia, com novos prazos e obriga\u00e7\u00f5es para pais ap\u00f3s o nascimento do filho.\" \/>\n<meta property=\"og:url\" content=\"https:\/\/www.jibble.io\/pt-br\/noticias\/reforma-laboral-portugal\" \/>\n<meta property=\"og:site_name\" content=\"Jibble\" \/>\n<meta property=\"article:modified_time\" content=\"2025-08-19T08:35:38+00:00\" \/>\n<meta property=\"og:image\" content=\"https:\/\/www.jibble.io\/wp-content\/uploads\/2025\/07\/Portuguese_claudio-schwarz-K3XGEoZgA0s-unsplash.jpg\" \/>\n\t<meta property=\"og:image:width\" content=\"1920\" \/>\n\t<meta property=\"og:image:height\" content=\"1280\" \/>\n\t<meta property=\"og:image:type\" content=\"image\/jpeg\" \/>\n<meta name=\"twitter:card\" content=\"summary_large_image\" \/>\n<meta name=\"twitter:label1\" content=\"Est. tempo de leitura\" \/>\n\t<meta name=\"twitter:data1\" content=\"5 minutos\" \/>\n<script type=\"application\/ld+json\" class=\"yoast-schema-graph\">{\"@context\":\"https:\/\/schema.org\",\"@graph\":[{\"@type\":\"NewsArticle\",\"@id\":\"https:\/\/www.jibble.io\/pt-br\/noticias\/reforma-laboral-portugal#article\",\"isPartOf\":{\"@id\":\"https:\/\/www.jibble.io\/pt-br\/noticias\/reforma-laboral-portugal\"},\"author\":{\"name\":\"Jennifer Blair\",\"@id\":\"https:\/\/www.jibble.io\/pt-br#\/schema\/person\/459d1f478476aa66f3a6c02e9fc7ae11\"},\"headline\":\"Nova reforma laboral amplia licen\u00e7a parental e faltas por assist\u00eancia\",\"datePublished\":\"2025-07-31T08:56:40+00:00\",\"dateModified\":\"2025-08-19T08:35:38+00:00\",\"mainEntityOfPage\":{\"@id\":\"https:\/\/www.jibble.io\/pt-br\/noticias\/reforma-laboral-portugal\"},\"wordCount\":1150,\"publisher\":{\"@id\":\"https:\/\/www.jibble.io\/pt-br#organization\"},\"image\":{\"@id\":\"https:\/\/www.jibble.io\/pt-br\/noticias\/reforma-laboral-portugal#primaryimage\"},\"thumbnailUrl\":\"https:\/\/www.jibble.io\/wp-content\/uploads\/2025\/07\/Portuguese_claudio-schwarz-K3XGEoZgA0s-unsplash.jpg\",\"inLanguage\":\"pt-BR\"},{\"@type\":\"WebPage\",\"@id\":\"https:\/\/www.jibble.io\/pt-br\/noticias\/reforma-laboral-portugal\",\"url\":\"https:\/\/www.jibble.io\/pt-br\/noticias\/reforma-laboral-portugal\",\"name\":\"Nova reforma laboral amplia licen\u00e7a parental\",\"isPartOf\":{\"@id\":\"https:\/\/www.jibble.io\/pt-br#website\"},\"primaryImageOfPage\":{\"@id\":\"https:\/\/www.jibble.io\/pt-br\/noticias\/reforma-laboral-portugal#primaryimage\"},\"image\":{\"@id\":\"https:\/\/www.jibble.io\/pt-br\/noticias\/reforma-laboral-portugal#primaryimage\"},\"thumbnailUrl\":\"https:\/\/www.jibble.io\/wp-content\/uploads\/2025\/07\/Portuguese_claudio-schwarz-K3XGEoZgA0s-unsplash.jpg\",\"datePublished\":\"2025-07-31T08:56:40+00:00\",\"dateModified\":\"2025-08-19T08:35:38+00:00\",\"description\":\"Governo prop\u00f5e altera\u00e7\u00f5es \u00e0 licen\u00e7a parental e faltas por assist\u00eancia, com novos prazos e obriga\u00e7\u00f5es para pais ap\u00f3s o nascimento do filho.\",\"inLanguage\":\"pt-BR\",\"potentialAction\":[{\"@type\":\"ReadAction\",\"target\":[\"https:\/\/www.jibble.io\/pt-br\/noticias\/reforma-laboral-portugal\"]}]},{\"@type\":\"ImageObject\",\"inLanguage\":\"pt-BR\",\"@id\":\"https:\/\/www.jibble.io\/pt-br\/noticias\/reforma-laboral-portugal#primaryimage\",\"url\":\"https:\/\/www.jibble.io\/wp-content\/uploads\/2025\/07\/Portuguese_claudio-schwarz-K3XGEoZgA0s-unsplash.jpg\",\"contentUrl\":\"https:\/\/www.jibble.io\/wp-content\/uploads\/2025\/07\/Portuguese_claudio-schwarz-K3XGEoZgA0s-unsplash.jpg\",\"width\":1920,\"height\":1280,\"caption\":\"Foto por Claudio Schwarz no Unsplash\"},{\"@type\":\"WebSite\",\"@id\":\"https:\/\/www.jibble.io\/pt-br#website\",\"url\":\"https:\/\/www.jibble.io\/pt-br\",\"name\":\"Jibble\",\"description\":\"Meet the new standard in time tracking software\",\"publisher\":{\"@id\":\"https:\/\/www.jibble.io\/pt-br#organization\"},\"potentialAction\":[{\"@type\":\"SearchAction\",\"target\":{\"@type\":\"EntryPoint\",\"urlTemplate\":\"https:\/\/www.jibble.io\/pt-br?s={search_term_string}\"},\"query-input\":{\"@type\":\"PropertyValueSpecification\",\"valueRequired\":true,\"valueName\":\"search_term_string\"}}],\"inLanguage\":\"pt-BR\"},{\"@type\":\"Organization\",\"@id\":\"https:\/\/www.jibble.io\/pt-br#organization\",\"name\":\"Jibble\",\"url\":\"https:\/\/www.jibble.io\/pt-br\",\"logo\":{\"@type\":\"ImageObject\",\"inLanguage\":\"pt-BR\",\"@id\":\"https:\/\/www.jibble.io\/pt-br#\/schema\/logo\/image\/\",\"url\":\"https:\/\/www.jibble.io\/wp-content\/uploads\/2022\/05\/Original-copy-923x1024.png\",\"contentUrl\":\"https:\/\/www.jibble.io\/wp-content\/uploads\/2022\/05\/Original-copy-923x1024.png\",\"width\":\"923\",\"height\":\"1024\",\"caption\":\"Jibble\"},\"image\":{\"@id\":\"https:\/\/www.jibble.io\/pt-br#\/schema\/logo\/image\/\"},\"sameAs\":[\"https:\/\/www.linkedin.com\/company\/jibble\/\"]},{\"@type\":\"Person\",\"@id\":\"https:\/\/www.jibble.io\/pt-br#\/schema\/person\/459d1f478476aa66f3a6c02e9fc7ae11\",\"name\":\"Jennifer Blair\",\"image\":{\"@type\":\"ImageObject\",\"inLanguage\":\"pt-BR\",\"@id\":\"https:\/\/www.jibble.io\/pt-br#\/schema\/person\/image\/\",\"url\":\"https:\/\/secure.gravatar.com\/avatar\/5a23d92ddb7d8193867abfdff5ef5599?s=96&d=mm&r=g\",\"contentUrl\":\"https:\/\/secure.gravatar.com\/avatar\/5a23d92ddb7d8193867abfdff5ef5599?s=96&d=mm&r=g\",\"caption\":\"Jennifer Blair\"}}]}<\/script>\n<!-- \/ Yoast SEO Premium plugin. -->","yoast_head_json":{"title":"Nova reforma laboral amplia licen\u00e7a parental","description":"Governo prop\u00f5e altera\u00e7\u00f5es \u00e0 licen\u00e7a parental e faltas por assist\u00eancia, com novos prazos e obriga\u00e7\u00f5es para pais ap\u00f3s o nascimento do filho.","robots":{"index":"index","follow":"follow","max-snippet":"max-snippet:-1","max-image-preview":"max-image-preview:large","max-video-preview":"max-video-preview:-1"},"canonical":"https:\/\/www.jibble.io\/pt-br\/noticias\/reforma-laboral-portugal","og_locale":"pt_BR","og_type":"article","og_title":"Nova reforma laboral amplia licen\u00e7a parental e faltas por assist\u00eancia","og_description":"Governo prop\u00f5e altera\u00e7\u00f5es \u00e0 licen\u00e7a parental e faltas por assist\u00eancia, com novos prazos e obriga\u00e7\u00f5es para pais ap\u00f3s o nascimento do filho.","og_url":"https:\/\/www.jibble.io\/pt-br\/noticias\/reforma-laboral-portugal","og_site_name":"Jibble","article_modified_time":"2025-08-19T08:35:38+00:00","og_image":[{"width":1920,"height":1280,"url":"https:\/\/www.jibble.io\/wp-content\/uploads\/2025\/07\/Portuguese_claudio-schwarz-K3XGEoZgA0s-unsplash.jpg","type":"image\/jpeg"}],"twitter_card":"summary_large_image","twitter_misc":{"Est. tempo de leitura":"5 minutos"},"schema":{"@context":"https:\/\/schema.org","@graph":[{"@type":"NewsArticle","@id":"https:\/\/www.jibble.io\/pt-br\/noticias\/reforma-laboral-portugal#article","isPartOf":{"@id":"https:\/\/www.jibble.io\/pt-br\/noticias\/reforma-laboral-portugal"},"author":{"name":"Jennifer Blair","@id":"https:\/\/www.jibble.io\/pt-br#\/schema\/person\/459d1f478476aa66f3a6c02e9fc7ae11"},"headline":"Nova reforma laboral amplia licen\u00e7a parental e faltas por assist\u00eancia","datePublished":"2025-07-31T08:56:40+00:00","dateModified":"2025-08-19T08:35:38+00:00","mainEntityOfPage":{"@id":"https:\/\/www.jibble.io\/pt-br\/noticias\/reforma-laboral-portugal"},"wordCount":1150,"publisher":{"@id":"https:\/\/www.jibble.io\/pt-br#organization"},"image":{"@id":"https:\/\/www.jibble.io\/pt-br\/noticias\/reforma-laboral-portugal#primaryimage"},"thumbnailUrl":"https:\/\/www.jibble.io\/wp-content\/uploads\/2025\/07\/Portuguese_claudio-schwarz-K3XGEoZgA0s-unsplash.jpg","inLanguage":"pt-BR"},{"@type":"WebPage","@id":"https:\/\/www.jibble.io\/pt-br\/noticias\/reforma-laboral-portugal","url":"https:\/\/www.jibble.io\/pt-br\/noticias\/reforma-laboral-portugal","name":"Nova reforma laboral amplia licen\u00e7a parental","isPartOf":{"@id":"https:\/\/www.jibble.io\/pt-br#website"},"primaryImageOfPage":{"@id":"https:\/\/www.jibble.io\/pt-br\/noticias\/reforma-laboral-portugal#primaryimage"},"image":{"@id":"https:\/\/www.jibble.io\/pt-br\/noticias\/reforma-laboral-portugal#primaryimage"},"thumbnailUrl":"https:\/\/www.jibble.io\/wp-content\/uploads\/2025\/07\/Portuguese_claudio-schwarz-K3XGEoZgA0s-unsplash.jpg","datePublished":"2025-07-31T08:56:40+00:00","dateModified":"2025-08-19T08:35:38+00:00","description":"Governo prop\u00f5e altera\u00e7\u00f5es \u00e0 licen\u00e7a parental e faltas por assist\u00eancia, com novos prazos e obriga\u00e7\u00f5es para pais ap\u00f3s o nascimento do filho.","inLanguage":"pt-BR","potentialAction":[{"@type":"ReadAction","target":["https:\/\/www.jibble.io\/pt-br\/noticias\/reforma-laboral-portugal"]}]},{"@type":"ImageObject","inLanguage":"pt-BR","@id":"https:\/\/www.jibble.io\/pt-br\/noticias\/reforma-laboral-portugal#primaryimage","url":"https:\/\/www.jibble.io\/wp-content\/uploads\/2025\/07\/Portuguese_claudio-schwarz-K3XGEoZgA0s-unsplash.jpg","contentUrl":"https:\/\/www.jibble.io\/wp-content\/uploads\/2025\/07\/Portuguese_claudio-schwarz-K3XGEoZgA0s-unsplash.jpg","width":1920,"height":1280,"caption":"Foto por Claudio Schwarz no Unsplash"},{"@type":"WebSite","@id":"https:\/\/www.jibble.io\/pt-br#website","url":"https:\/\/www.jibble.io\/pt-br","name":"Jibble","description":"Meet the new standard in time tracking software","publisher":{"@id":"https:\/\/www.jibble.io\/pt-br#organization"},"potentialAction":[{"@type":"SearchAction","target":{"@type":"EntryPoint","urlTemplate":"https:\/\/www.jibble.io\/pt-br?s={search_term_string}"},"query-input":{"@type":"PropertyValueSpecification","valueRequired":true,"valueName":"search_term_string"}}],"inLanguage":"pt-BR"},{"@type":"Organization","@id":"https:\/\/www.jibble.io\/pt-br#organization","name":"Jibble","url":"https:\/\/www.jibble.io\/pt-br","logo":{"@type":"ImageObject","inLanguage":"pt-BR","@id":"https:\/\/www.jibble.io\/pt-br#\/schema\/logo\/image\/","url":"https:\/\/www.jibble.io\/wp-content\/uploads\/2022\/05\/Original-copy-923x1024.png","contentUrl":"https:\/\/www.jibble.io\/wp-content\/uploads\/2022\/05\/Original-copy-923x1024.png","width":"923","height":"1024","caption":"Jibble"},"image":{"@id":"https:\/\/www.jibble.io\/pt-br#\/schema\/logo\/image\/"},"sameAs":["https:\/\/www.linkedin.com\/company\/jibble\/"]},{"@type":"Person","@id":"https:\/\/www.jibble.io\/pt-br#\/schema\/person\/459d1f478476aa66f3a6c02e9fc7ae11","name":"Jennifer Blair","image":{"@type":"ImageObject","inLanguage":"pt-BR","@id":"https:\/\/www.jibble.io\/pt-br#\/schema\/person\/image\/","url":"https:\/\/secure.gravatar.com\/avatar\/5a23d92ddb7d8193867abfdff5ef5599?s=96&d=mm&r=g","contentUrl":"https:\/\/secure.gravatar.com\/avatar\/5a23d92ddb7d8193867abfdff5ef5599?s=96&d=mm&r=g","caption":"Jennifer Blair"}}]}},"_links":{"self":[{"href":"https:\/\/www.jibble.io\/pt-br\/wp-json\/wp\/v2\/news\/301904","targetHints":{"allow":["GET"]}}],"collection":[{"href":"https:\/\/www.jibble.io\/pt-br\/wp-json\/wp\/v2\/news"}],"about":[{"href":"https:\/\/www.jibble.io\/pt-br\/wp-json\/wp\/v2\/types\/news"}],"author":[{"embeddable":true,"href":"https:\/\/www.jibble.io\/pt-br\/wp-json\/wp\/v2\/users\/77"}],"version-history":[{"count":3,"href":"https:\/\/www.jibble.io\/pt-br\/wp-json\/wp\/v2\/news\/301904\/revisions"}],"predecessor-version":[{"id":312424,"href":"https:\/\/www.jibble.io\/pt-br\/wp-json\/wp\/v2\/news\/301904\/revisions\/312424"}],"wp:featuredmedia":[{"embeddable":true,"href":"https:\/\/www.jibble.io\/pt-br\/wp-json\/wp\/v2\/media\/301939"}],"wp:attachment":[{"href":"https:\/\/www.jibble.io\/pt-br\/wp-json\/wp\/v2\/media?parent=301904"}],"wp:term":[{"taxonomy":"news_category","embeddable":true,"href":"https:\/\/www.jibble.io\/pt-br\/wp-json\/wp\/v2\/news_category?post=301904"}],"curies":[{"name":"wp","href":"https:\/\/api.w.org\/{rel}","templated":true}]}}