{"id":300522,"date":"2025-07-21T22:18:23","date_gmt":"2025-07-21T21:18:23","guid":{"rendered":"https:\/\/www.jibble.io\/?post_type=news&#038;p=300522"},"modified":"2025-07-29T09:00:51","modified_gmt":"2025-07-29T08:00:51","slug":"brasileiros-preferem-trabalho-autonomo","status":"publish","type":"news","link":"https:\/\/www.jibble.io\/pt-br\/noticias\/brasileiros-preferem-trabalho-autonomo","title":{"rendered":"Trabalho aut\u00f4nomo j\u00e1 \u00e9 prefer\u00eancia da maioria dos brasileiros"},"content":{"rendered":"<p>O trabalho aut\u00f4nomo conquistou o protagonismo no mercado de trabalho brasileiro, segundo levantamento do Instituto Datafolha divulgado em 20 de junho de 2025 pela Folha de S.Paulo.<\/p>\n<p>&nbsp;<\/p>\n<p>Segundo a pesquisa, 59% dos brasileiros preferem atuar por conta pr\u00f3pria em vez de seguir o modelo tradicional de emprego com carteira assinada.<\/p>\n<p>&nbsp;<\/p>\n<p>Os dados tamb\u00e9m mostram que 31% dos entrevistados aceitariam trabalhar sem registro formal se isso representasse uma remunera\u00e7\u00e3o mais elevada.<\/p>\n<p>&nbsp;<\/p>\n<p>Ainda assim, 67% afirmam que continuariam optando pela seguran\u00e7a oferecida pela <a href=\"https:\/\/www.jibble.io\/pt-br\/artigos\/o-que-significa-clt\" target=\"_blank\" rel=\"noopener\">Consolida\u00e7\u00e3o das Leis do Trabalho<\/a> (CLT), mesmo com um sal\u00e1rio menor.<\/p>\n<p>&nbsp;<\/p>\n<h2><span style=\"font-weight: 400;\">Trabalho aut\u00f4nomo ganha for\u00e7a e desafia modelo tradicional<\/span><\/h2>\n<p>&nbsp;<\/p>\n<p>Realizada nos dias 10 e 11 de junho de 2025, a pesquisa ouviu 2.004 pessoas em 136 munic\u00edpios brasileiros. A margem de erro \u00e9 de dois pontos percentuais para mais ou para menos.<\/p>\n<p>&nbsp;<\/p>\n<p>Em compara\u00e7\u00e3o com a \u00faltima edi\u00e7\u00e3o da sondagem, de dezembro de 2022, observa-se uma mudan\u00e7a significativa: a prefer\u00eancia pela carteira assinada caiu de 77% para 67%, enquanto o interesse por trabalhos sem v\u00ednculo formal aumentou de 21% para 31%.<\/p>\n<p>&nbsp;<\/p>\n<p>A rela\u00e7\u00e3o com o modelo tradicional de emprego tamb\u00e9m est\u00e1 em transforma\u00e7\u00e3o. Hoje, apenas 39% dizem se sentir mais \u00e0 vontade como empregados de uma organiza\u00e7\u00e3o, contra 59% que preferem exercer atividades de forma independente &#8211; como freelancers, microempreendedores ou profissionais aut\u00f4nomos.<\/p>\n<p>&nbsp;<\/p>\n<blockquote><p>O que \u00e9 um profissional aut\u00f4nomo?<\/p>\n<p><strong style=\"color: #ff6600;\">Profissional aut\u00f4nomo<\/strong> \u00e9 aquele que trabalha por conta pr\u00f3pria, sem subordina\u00e7\u00e3o, assumindo a responsabilidade pela gest\u00e3o e resultados da sua atividade.<\/p><\/blockquote>\n<p>&nbsp;<\/p>\n<p>Entre os entrevistados com ensino superior, 38% disseram preferir trabalhos sem v\u00ednculo formal. Esse percentual cai para 23% entre os que possuem apenas o ensino fundamental &#8211; um dado que evidencia a influ\u00eancia da escolaridade e da renda nas escolhas sobre a forma de atua\u00e7\u00e3o profissional.<\/p>\n<p>&nbsp;<\/p>\n<h2><span style=\"font-weight: 400;\">Quem s\u00e3o os brasileiros que preferem o trabalho aut\u00f4nomo?<\/span><\/h2>\n<p>&nbsp;<\/p>\n<p>A prefer\u00eancia pelo trabalho aut\u00f4nomo \u00e9 mais acentuada entre jovens de 16 a 24 anos (68%), autodeclarados empres\u00e1rios (88%) e assalariados sem registro (69%). J\u00e1 a escolha pelo regime formal de trabalho \u00e9 predominante entre mulheres (71%), pessoas com ensino fundamental (75%) e indiv\u00edduos com renda familiar de at\u00e9 dois sal\u00e1rios m\u00ednimos (72%).<\/p>\n<p>&nbsp;<\/p>\n<p>Os resultados refletem uma transforma\u00e7\u00e3o no mercado, impulsionada pelo desejo de maior flexibilidade, independ\u00eancia financeira e pelo crescimento de plataformas digitais que ampliam as oportunidades para quem deseja empreender ou prestar servi\u00e7os de forma independente.<\/p>\n<p>&nbsp;<\/p>\n<h2><span style=\"font-weight: 400;\">Tend\u00eancia pode impactar empresas e pol\u00edticas p\u00fablicas<\/span><\/h2>\n<p>&nbsp;<\/p>\n<p>A expans\u00e3o do trabalho aut\u00f4nomo levanta quest\u00f5es importantes sobre prote\u00e7\u00e3o social e direitos trabalhistas. Diante desse cen\u00e1rio, especialistas apontam a necessidade de revisar legisla\u00e7\u00f5es e pol\u00edticas p\u00fablicas que contemplem esse grupo crescente de profissionais, muitas vezes sem acesso a garantias como f\u00e9rias remuneradas, aposentadoria ou licen\u00e7a m\u00e9dica.<\/p>\n<p>&nbsp;<\/p>\n<p>As empresas tamb\u00e9m est\u00e3o se adaptando. Modelos de contrata\u00e7\u00e3o mais flex\u00edveis, acordos de presta\u00e7\u00e3o de servi\u00e7os e pol\u00edticas de trabalho remoto t\u00eam ganhado espa\u00e7o.<\/p>\n<p>&nbsp;<\/p>\n<p>Para acompanhar essas mudan\u00e7as e manter a organiza\u00e7\u00e3o, ferramentas como <a href=\"https:\/\/www.jibble.io\/pt-br\/relogio-ponto-digital\" target=\"_blank\" rel=\"noopener\">rel\u00f3gios de ponto<\/a> s\u00e3o cada vez mais relevantes, inclusive para profissionais aut\u00f4nomos que desejam gerenciar melhor seu tempo e produtividade.<\/p>\n<p>&nbsp;<\/p>\n<h2><span style=\"font-weight: 400;\">Dados demogr\u00e1ficos e metodologia da pesquisa<\/span><\/h2>\n<p>&nbsp;<\/p>\n<p>A amostra da pesquisa contemplou brasileiros a partir de 16 anos, com diferentes n\u00edveis de escolaridade, faixas de renda e perfis profissionais, em todas as regi\u00f5es do pa\u00eds.<\/p>\n<p>&nbsp;<\/p>\n<p>A coleta foi feita presencialmente, em pontos de fluxo populacional, com question\u00e1rio estruturado. Segundo o <a href=\"https:\/\/pt.wikipedia.org\/wiki\/Datafolha\" target=\"_blank\" rel=\"noopener\">Datafolha<\/a>, ao menos 20% das entrevistas passaram por verifica\u00e7\u00e3o de qualidade.<\/p>\n<p>&nbsp;<\/p>\n<blockquote><p>Artigos relacionados:<\/p>\n<p><a href=\"https:\/\/www.jibble.io\/pt-br\/leis-trabalhistas\/leis-trabalhistas-brasil\">Leis Trabalhistas do Brasil<\/a><\/p>\n<p><a href=\"https:\/\/www.jibble.io\/pt-br\/artigos\/leis-de-controle-de-ponto-no-brasil\">Leis de Controle de Ponto no Brasil: Um Guia Completo<\/a><\/p>\n<p><a href=\"https:\/\/www.jibble.io\/pt-br\/artigos\/trabalhar-home-office-brasil\">7 Dicas para Come\u00e7ar a Trabalhar Home Office no Brasil<\/a><\/p>\n<p><a href=\"https:\/\/www.jibble.io\/pt-br\/artigos\/trabalhar-home-office-brasil\">Trabalho Remoto: 8 Desafios e Solu\u00e7\u00f5es para Empresas no Brasil<\/a><\/p>\n<p><a href=\"https:\/\/www.jibble.io\/pt-br\/artigos\/ferramentas-trabalho-home-office\">Ferramentas Essenciais para o Trabalho Home Office<\/a><\/p><\/blockquote>\n","protected":false},"author":77,"featured_media":250631,"parent":0,"menu_order":0,"template":"","meta":{"_acf_changed":false,"footnotes":""},"news_category":[1300,1290,1235,1291],"class_list":["post-300522","news","type-news","status-publish","has-post-thumbnail","hentry","news_category-estudos-pesquisas","news_category-modelo-trabalho-flexivel","news_category-mundo","news_category-tendencias-mercado"],"acf":[],"yoast_head":"<!-- This site is optimized with the Yoast SEO Premium plugin v26.8 (Yoast SEO v26.8) - https:\/\/yoast.com\/product\/yoast-seo-premium-wordpress\/ -->\n<title>Trabalho aut\u00f4nomo \u00e9 prefer\u00eancia da maioria dos brasileiros<\/title>\n<meta name=\"description\" content=\"Pesquisa Datafolha revela que 59% dos brasileiros preferem trabalho aut\u00f4nomo. Tend\u00eancia cresce entre jovens e classes mais altas.\" \/>\n<meta name=\"robots\" content=\"index, follow, max-snippet:-1, max-image-preview:large, max-video-preview:-1\" \/>\n<link rel=\"canonical\" href=\"https:\/\/www.jibble.io\/pt-br\/noticias\/brasileiros-preferem-trabalho-autonomo\" \/>\n<meta property=\"og:locale\" content=\"pt_BR\" \/>\n<meta property=\"og:type\" content=\"article\" \/>\n<meta property=\"og:title\" content=\"Trabalho aut\u00f4nomo j\u00e1 \u00e9 prefer\u00eancia da maioria dos brasileiros\" \/>\n<meta property=\"og:description\" content=\"Pesquisa Datafolha revela que 59% dos brasileiros preferem trabalho aut\u00f4nomo. Tend\u00eancia cresce entre jovens e classes mais altas.\" \/>\n<meta property=\"og:url\" content=\"https:\/\/www.jibble.io\/pt-br\/noticias\/brasileiros-preferem-trabalho-autonomo\" \/>\n<meta property=\"og:site_name\" content=\"Jibble\" \/>\n<meta property=\"article:modified_time\" content=\"2025-07-29T08:00:51+00:00\" \/>\n<meta property=\"og:image\" content=\"https:\/\/www.jibble.io\/wp-content\/uploads\/2025\/03\/carteira_de_trabalho.jpg\" \/>\n\t<meta property=\"og:image:width\" content=\"1170\" \/>\n\t<meta property=\"og:image:height\" content=\"700\" \/>\n\t<meta property=\"og:image:type\" content=\"image\/jpeg\" \/>\n<meta name=\"twitter:card\" content=\"summary_large_image\" \/>\n<meta name=\"twitter:label1\" content=\"Est. tempo de leitura\" \/>\n\t<meta name=\"twitter:data1\" content=\"3 minutos\" \/>\n<script type=\"application\/ld+json\" class=\"yoast-schema-graph\">{\"@context\":\"https:\/\/schema.org\",\"@graph\":[{\"@type\":\"NewsArticle\",\"@id\":\"https:\/\/www.jibble.io\/pt-br\/noticias\/brasileiros-preferem-trabalho-autonomo#article\",\"isPartOf\":{\"@id\":\"https:\/\/www.jibble.io\/pt-br\/noticias\/brasileiros-preferem-trabalho-autonomo\"},\"author\":{\"name\":\"Jennifer Blair\",\"@id\":\"https:\/\/www.jibble.io\/pt-br#\/schema\/person\/459d1f478476aa66f3a6c02e9fc7ae11\"},\"headline\":\"Trabalho aut\u00f4nomo j\u00e1 \u00e9 prefer\u00eancia da maioria dos brasileiros\",\"datePublished\":\"2025-07-21T21:18:23+00:00\",\"dateModified\":\"2025-07-29T08:00:51+00:00\",\"mainEntityOfPage\":{\"@id\":\"https:\/\/www.jibble.io\/pt-br\/noticias\/brasileiros-preferem-trabalho-autonomo\"},\"wordCount\":664,\"publisher\":{\"@id\":\"https:\/\/www.jibble.io\/pt-br#organization\"},\"image\":{\"@id\":\"https:\/\/www.jibble.io\/pt-br\/noticias\/brasileiros-preferem-trabalho-autonomo#primaryimage\"},\"thumbnailUrl\":\"https:\/\/www.jibble.io\/wp-content\/uploads\/2025\/03\/carteira_de_trabalho.jpg\",\"inLanguage\":\"pt-BR\"},{\"@type\":\"WebPage\",\"@id\":\"https:\/\/www.jibble.io\/pt-br\/noticias\/brasileiros-preferem-trabalho-autonomo\",\"url\":\"https:\/\/www.jibble.io\/pt-br\/noticias\/brasileiros-preferem-trabalho-autonomo\",\"name\":\"Trabalho aut\u00f4nomo \u00e9 prefer\u00eancia da maioria dos brasileiros\",\"isPartOf\":{\"@id\":\"https:\/\/www.jibble.io\/pt-br#website\"},\"primaryImageOfPage\":{\"@id\":\"https:\/\/www.jibble.io\/pt-br\/noticias\/brasileiros-preferem-trabalho-autonomo#primaryimage\"},\"image\":{\"@id\":\"https:\/\/www.jibble.io\/pt-br\/noticias\/brasileiros-preferem-trabalho-autonomo#primaryimage\"},\"thumbnailUrl\":\"https:\/\/www.jibble.io\/wp-content\/uploads\/2025\/03\/carteira_de_trabalho.jpg\",\"datePublished\":\"2025-07-21T21:18:23+00:00\",\"dateModified\":\"2025-07-29T08:00:51+00:00\",\"description\":\"Pesquisa Datafolha revela que 59% dos brasileiros preferem trabalho aut\u00f4nomo. Tend\u00eancia cresce entre jovens e classes mais altas.\",\"inLanguage\":\"pt-BR\",\"potentialAction\":[{\"@type\":\"ReadAction\",\"target\":[\"https:\/\/www.jibble.io\/pt-br\/noticias\/brasileiros-preferem-trabalho-autonomo\"]}]},{\"@type\":\"ImageObject\",\"inLanguage\":\"pt-BR\",\"@id\":\"https:\/\/www.jibble.io\/pt-br\/noticias\/brasileiros-preferem-trabalho-autonomo#primaryimage\",\"url\":\"https:\/\/www.jibble.io\/wp-content\/uploads\/2025\/03\/carteira_de_trabalho.jpg\",\"contentUrl\":\"https:\/\/www.jibble.io\/wp-content\/uploads\/2025\/03\/carteira_de_trabalho.jpg\",\"width\":1170,\"height\":700,\"caption\":\"Imagem de gov.br\"},{\"@type\":\"WebSite\",\"@id\":\"https:\/\/www.jibble.io\/pt-br#website\",\"url\":\"https:\/\/www.jibble.io\/pt-br\",\"name\":\"Jibble\",\"description\":\"Meet the new standard in time tracking software\",\"publisher\":{\"@id\":\"https:\/\/www.jibble.io\/pt-br#organization\"},\"potentialAction\":[{\"@type\":\"SearchAction\",\"target\":{\"@type\":\"EntryPoint\",\"urlTemplate\":\"https:\/\/www.jibble.io\/pt-br?s={search_term_string}\"},\"query-input\":{\"@type\":\"PropertyValueSpecification\",\"valueRequired\":true,\"valueName\":\"search_term_string\"}}],\"inLanguage\":\"pt-BR\"},{\"@type\":\"Organization\",\"@id\":\"https:\/\/www.jibble.io\/pt-br#organization\",\"name\":\"Jibble\",\"url\":\"https:\/\/www.jibble.io\/pt-br\",\"logo\":{\"@type\":\"ImageObject\",\"inLanguage\":\"pt-BR\",\"@id\":\"https:\/\/www.jibble.io\/pt-br#\/schema\/logo\/image\/\",\"url\":\"https:\/\/www.jibble.io\/wp-content\/uploads\/2022\/05\/Original-copy-923x1024.png\",\"contentUrl\":\"https:\/\/www.jibble.io\/wp-content\/uploads\/2022\/05\/Original-copy-923x1024.png\",\"width\":\"923\",\"height\":\"1024\",\"caption\":\"Jibble\"},\"image\":{\"@id\":\"https:\/\/www.jibble.io\/pt-br#\/schema\/logo\/image\/\"},\"sameAs\":[\"https:\/\/www.linkedin.com\/company\/jibble\/\"]},{\"@type\":\"Person\",\"@id\":\"https:\/\/www.jibble.io\/pt-br#\/schema\/person\/459d1f478476aa66f3a6c02e9fc7ae11\",\"name\":\"Jennifer Blair\",\"image\":{\"@type\":\"ImageObject\",\"inLanguage\":\"pt-BR\",\"@id\":\"https:\/\/www.jibble.io\/pt-br#\/schema\/person\/image\/\",\"url\":\"https:\/\/secure.gravatar.com\/avatar\/5a23d92ddb7d8193867abfdff5ef5599?s=96&d=mm&r=g\",\"contentUrl\":\"https:\/\/secure.gravatar.com\/avatar\/5a23d92ddb7d8193867abfdff5ef5599?s=96&d=mm&r=g\",\"caption\":\"Jennifer Blair\"}}]}<\/script>\n<!-- \/ Yoast SEO Premium plugin. -->","yoast_head_json":{"title":"Trabalho aut\u00f4nomo \u00e9 prefer\u00eancia da maioria dos brasileiros","description":"Pesquisa Datafolha revela que 59% dos brasileiros preferem trabalho aut\u00f4nomo. Tend\u00eancia cresce entre jovens e classes mais altas.","robots":{"index":"index","follow":"follow","max-snippet":"max-snippet:-1","max-image-preview":"max-image-preview:large","max-video-preview":"max-video-preview:-1"},"canonical":"https:\/\/www.jibble.io\/pt-br\/noticias\/brasileiros-preferem-trabalho-autonomo","og_locale":"pt_BR","og_type":"article","og_title":"Trabalho aut\u00f4nomo j\u00e1 \u00e9 prefer\u00eancia da maioria dos brasileiros","og_description":"Pesquisa Datafolha revela que 59% dos brasileiros preferem trabalho aut\u00f4nomo. Tend\u00eancia cresce entre jovens e classes mais altas.","og_url":"https:\/\/www.jibble.io\/pt-br\/noticias\/brasileiros-preferem-trabalho-autonomo","og_site_name":"Jibble","article_modified_time":"2025-07-29T08:00:51+00:00","og_image":[{"width":1170,"height":700,"url":"https:\/\/www.jibble.io\/wp-content\/uploads\/2025\/03\/carteira_de_trabalho.jpg","type":"image\/jpeg"}],"twitter_card":"summary_large_image","twitter_misc":{"Est. tempo de leitura":"3 minutos"},"schema":{"@context":"https:\/\/schema.org","@graph":[{"@type":"NewsArticle","@id":"https:\/\/www.jibble.io\/pt-br\/noticias\/brasileiros-preferem-trabalho-autonomo#article","isPartOf":{"@id":"https:\/\/www.jibble.io\/pt-br\/noticias\/brasileiros-preferem-trabalho-autonomo"},"author":{"name":"Jennifer Blair","@id":"https:\/\/www.jibble.io\/pt-br#\/schema\/person\/459d1f478476aa66f3a6c02e9fc7ae11"},"headline":"Trabalho aut\u00f4nomo j\u00e1 \u00e9 prefer\u00eancia da maioria dos brasileiros","datePublished":"2025-07-21T21:18:23+00:00","dateModified":"2025-07-29T08:00:51+00:00","mainEntityOfPage":{"@id":"https:\/\/www.jibble.io\/pt-br\/noticias\/brasileiros-preferem-trabalho-autonomo"},"wordCount":664,"publisher":{"@id":"https:\/\/www.jibble.io\/pt-br#organization"},"image":{"@id":"https:\/\/www.jibble.io\/pt-br\/noticias\/brasileiros-preferem-trabalho-autonomo#primaryimage"},"thumbnailUrl":"https:\/\/www.jibble.io\/wp-content\/uploads\/2025\/03\/carteira_de_trabalho.jpg","inLanguage":"pt-BR"},{"@type":"WebPage","@id":"https:\/\/www.jibble.io\/pt-br\/noticias\/brasileiros-preferem-trabalho-autonomo","url":"https:\/\/www.jibble.io\/pt-br\/noticias\/brasileiros-preferem-trabalho-autonomo","name":"Trabalho aut\u00f4nomo \u00e9 prefer\u00eancia da maioria dos brasileiros","isPartOf":{"@id":"https:\/\/www.jibble.io\/pt-br#website"},"primaryImageOfPage":{"@id":"https:\/\/www.jibble.io\/pt-br\/noticias\/brasileiros-preferem-trabalho-autonomo#primaryimage"},"image":{"@id":"https:\/\/www.jibble.io\/pt-br\/noticias\/brasileiros-preferem-trabalho-autonomo#primaryimage"},"thumbnailUrl":"https:\/\/www.jibble.io\/wp-content\/uploads\/2025\/03\/carteira_de_trabalho.jpg","datePublished":"2025-07-21T21:18:23+00:00","dateModified":"2025-07-29T08:00:51+00:00","description":"Pesquisa Datafolha revela que 59% dos brasileiros preferem trabalho aut\u00f4nomo. Tend\u00eancia cresce entre jovens e classes mais altas.","inLanguage":"pt-BR","potentialAction":[{"@type":"ReadAction","target":["https:\/\/www.jibble.io\/pt-br\/noticias\/brasileiros-preferem-trabalho-autonomo"]}]},{"@type":"ImageObject","inLanguage":"pt-BR","@id":"https:\/\/www.jibble.io\/pt-br\/noticias\/brasileiros-preferem-trabalho-autonomo#primaryimage","url":"https:\/\/www.jibble.io\/wp-content\/uploads\/2025\/03\/carteira_de_trabalho.jpg","contentUrl":"https:\/\/www.jibble.io\/wp-content\/uploads\/2025\/03\/carteira_de_trabalho.jpg","width":1170,"height":700,"caption":"Imagem de gov.br"},{"@type":"WebSite","@id":"https:\/\/www.jibble.io\/pt-br#website","url":"https:\/\/www.jibble.io\/pt-br","name":"Jibble","description":"Meet the new standard in time tracking software","publisher":{"@id":"https:\/\/www.jibble.io\/pt-br#organization"},"potentialAction":[{"@type":"SearchAction","target":{"@type":"EntryPoint","urlTemplate":"https:\/\/www.jibble.io\/pt-br?s={search_term_string}"},"query-input":{"@type":"PropertyValueSpecification","valueRequired":true,"valueName":"search_term_string"}}],"inLanguage":"pt-BR"},{"@type":"Organization","@id":"https:\/\/www.jibble.io\/pt-br#organization","name":"Jibble","url":"https:\/\/www.jibble.io\/pt-br","logo":{"@type":"ImageObject","inLanguage":"pt-BR","@id":"https:\/\/www.jibble.io\/pt-br#\/schema\/logo\/image\/","url":"https:\/\/www.jibble.io\/wp-content\/uploads\/2022\/05\/Original-copy-923x1024.png","contentUrl":"https:\/\/www.jibble.io\/wp-content\/uploads\/2022\/05\/Original-copy-923x1024.png","width":"923","height":"1024","caption":"Jibble"},"image":{"@id":"https:\/\/www.jibble.io\/pt-br#\/schema\/logo\/image\/"},"sameAs":["https:\/\/www.linkedin.com\/company\/jibble\/"]},{"@type":"Person","@id":"https:\/\/www.jibble.io\/pt-br#\/schema\/person\/459d1f478476aa66f3a6c02e9fc7ae11","name":"Jennifer Blair","image":{"@type":"ImageObject","inLanguage":"pt-BR","@id":"https:\/\/www.jibble.io\/pt-br#\/schema\/person\/image\/","url":"https:\/\/secure.gravatar.com\/avatar\/5a23d92ddb7d8193867abfdff5ef5599?s=96&d=mm&r=g","contentUrl":"https:\/\/secure.gravatar.com\/avatar\/5a23d92ddb7d8193867abfdff5ef5599?s=96&d=mm&r=g","caption":"Jennifer Blair"}}]}},"_links":{"self":[{"href":"https:\/\/www.jibble.io\/pt-br\/wp-json\/wp\/v2\/news\/300522","targetHints":{"allow":["GET"]}}],"collection":[{"href":"https:\/\/www.jibble.io\/pt-br\/wp-json\/wp\/v2\/news"}],"about":[{"href":"https:\/\/www.jibble.io\/pt-br\/wp-json\/wp\/v2\/types\/news"}],"author":[{"embeddable":true,"href":"https:\/\/www.jibble.io\/pt-br\/wp-json\/wp\/v2\/users\/77"}],"version-history":[{"count":3,"href":"https:\/\/www.jibble.io\/pt-br\/wp-json\/wp\/v2\/news\/300522\/revisions"}],"predecessor-version":[{"id":302462,"href":"https:\/\/www.jibble.io\/pt-br\/wp-json\/wp\/v2\/news\/300522\/revisions\/302462"}],"wp:featuredmedia":[{"embeddable":true,"href":"https:\/\/www.jibble.io\/pt-br\/wp-json\/wp\/v2\/media\/250631"}],"wp:attachment":[{"href":"https:\/\/www.jibble.io\/pt-br\/wp-json\/wp\/v2\/media?parent=300522"}],"wp:term":[{"taxonomy":"news_category","embeddable":true,"href":"https:\/\/www.jibble.io\/pt-br\/wp-json\/wp\/v2\/news_category?post=300522"}],"curies":[{"name":"wp","href":"https:\/\/api.w.org\/{rel}","templated":true}]}}