{"id":294515,"date":"2025-06-10T09:16:24","date_gmt":"2025-06-10T08:16:24","guid":{"rendered":"https:\/\/www.jibble.io\/news\/chile-minimum-wage"},"modified":"2025-07-08T18:30:14","modified_gmt":"2025-07-08T17:30:14","slug":"salario-minimo-chile","status":"publish","type":"news","link":"https:\/\/www.jibble.io\/pt-br\/noticias\/salario-minimo-chile","title":{"rendered":"Novo sal\u00e1rio m\u00ednimo do Chile entre os mais altos da Am\u00e9rica Latina"},"content":{"rendered":"<p>O sal\u00e1rio m\u00ednimo no Chile subir\u00e1 para CLP 529.000 em maio de 2025, seguido por um segundo aumento para CLP 539.000 em janeiro de 2026, conforme noticiado pela Bloomberg Tax em 12 de maio de 2025.<\/p>\n<p>&nbsp;<\/p>\n<p>Esses reajustes posicionam o <a href=\"https:\/\/www.jibble.io\/pt-br\/categoria-noticias\/salario-minimo\" target=\"_blank\" rel=\"noopener\">sal\u00e1rio m\u00ednimo<\/a> chileno como um dos mais altos da Am\u00e9rica Latina, quando ajustado pelo custo de vida. A decis\u00e3o resulta de um acordo formal entre o governo do Chile e a Central Unit\u00e1ria dos Trabalhadores (CUT), sendo destacada pelo presidente do Chile Gabriel Boric em seu discurso anual \u00e0 na\u00e7\u00e3o.<\/p>\n<p>&nbsp;<\/p>\n<p>O aumento equivale a aproximadamente US$ 1.138 por m\u00eas quando ajustado pela paridade do poder de compra (PPC), segundo o <a href=\"https:\/\/ocec.udp.cl\/\">Observat\u00f3rio do Contexto Econ\u00f4mico da Universidade Diego Portales<\/a> (OCEC-UDP). Na Am\u00e9rica Latina, apenas a Costa Rica possui um sal\u00e1rio m\u00ednimo mais alto quando ajustado pela PPC.<\/p>\n<p>&nbsp;<\/p>\n<blockquote><p>Como \u00e9 calculada a paridade do poder de compra (PPC)?<br \/>\nA <strong style=\"color: #ff6600; !important\">paridade do poder de compra<\/strong>, ou <strong style=\"color: #ff6600; !important\">PPC<\/strong><\/span>, \u00e9 calculada comparando o custo de uma cesta padr\u00e3o de bens em diferentes pa\u00edses, ajustando as taxas de c\u00e2mbio para que esses bens tenham o mesmo custo em todos os lugares.<\/p><\/blockquote>\n<p>&nbsp;<\/p>\n<h2><span style=\"font-weight: 400;\">Quais os impactos para o Chile?<\/span><\/h2>\n<p>&nbsp;<\/p>\n<p>Essa medida posiciona o Chile como refer\u00eancia regional em pol\u00edticas de valoriza\u00e7\u00e3o salarial. Para os trabalhadores, o aumento oferece al\u00edvio diante do aumento do custo de vida. Por outro lado, entidades empresariais alertam para o risco de infla\u00e7\u00e3o e criticam a aus\u00eancia de crescimento proporcional da produtividade.<\/p>\n<p>&nbsp;<\/p>\n<p>A Confedera\u00e7\u00e3o da Produ\u00e7\u00e3o e do Com\u00e9rcio advertiu que aumentos salariais sem ganhos de produtividade podem resultar em cortes de postos de trabalho ou aumento de pre\u00e7os. J\u00e1 os sindicatos argumentam que o novo valor ainda n\u00e3o reflete o custo real de vida em regi\u00f5es metropolitanas.<\/p>\n<p>&nbsp;<\/p>\n<p>O presidente Boric destacou que a pol\u00edtica progressista de valoriza\u00e7\u00e3o do sal\u00e1rio m\u00ednimo \u00e9 um marco importante. O Minist\u00e9rio da Fazenda do Chile estima que o aumento representa uma alta de 3,6% em maio e 1,9% em janeiro. Desde dezembro de 2021, o sal\u00e1rio m\u00ednimo acumulou alta de 48,4%, bem acima dos 22,5% de infla\u00e7\u00e3o no mesmo per\u00edodo.<\/p>\n<p>&nbsp;<\/p>\n<p>Apesar da lideran\u00e7a regional, o Chile ainda ocupa uma posi\u00e7\u00e3o baixa entre os pa\u00edses da <a href=\"https:\/\/www.oecd.org\/en.html\" target=\"_blank\" rel=\"noopener\">Organiza\u00e7\u00e3o para a Coopera\u00e7\u00e3o e Desenvolvimento Econ\u00f4mico<\/a> (OCDE). Os maiores sal\u00e1rios m\u00ednimos ajustados pela PPC est\u00e3o no Reino Unido (US$ 3.793), Alemanha (US$ 3.727) e Irlanda (US$ 3.716).<\/p>\n<p>&nbsp;<\/p>\n<p>A produtividade do trabalho, no entanto, permanece estagnada. Economistas alertam que os aumentos salariais podem pressionar as empresas, caso n\u00e3o venham acompanhados de investimentos em tecnologia, capacita\u00e7\u00e3o e infraestrutura.<\/p>\n<p>&nbsp;<\/p>\n<blockquote><p>Artigos Relacionados:<\/p>\n<p><a href=\"https:\/\/www.jibble.io\/pt-br\/artigos\/inteligencia-artificial-monitoramento-funcionarios\">Como a Intelig\u00eancia Artificial Est\u00e1 Transformando o Monitoramento de Funcion\u00e1rios<\/a><\/p>\n<p><a href=\"https:\/\/www.jibble.io\/pt-br\/categoria-noticias\/tendencias-semana-trabalho\">Tend\u00eancias da Semana de Trabalho<\/a><\/p>\n<p><a href=\"https:\/\/www.jibble.io\/pt-br\/artigos\/tipos-sistemas-controle-presenca\">Quais os Diferentes Tipos de Sistemas de Controle de Ponto?<\/a><\/p>\n<p><a href=\"https:\/\/www.jibble.io\/pt-br\/artigos\/como-monitorar-funcionarios-remotos\">Como Monitorar Funcion\u00e1rios Remotos de Forma \u00c9tica<\/a><\/p>\n<p><a href=\"https:\/\/www.jibble.io\/pt-br\/artigos\/melhores-praticas-controle-tempo\">26 Boas Pr\u00e1ticas de Controle de Tempo Para Aumentar Sua Produtividade<\/a><\/p><\/blockquote>\n","protected":false},"author":77,"featured_media":294522,"parent":0,"menu_order":0,"template":"","meta":{"_acf_changed":false,"footnotes":""},"news_category":[1252,1235,1310],"class_list":["post-294515","news","type-news","status-publish","has-post-thumbnail","hentry","news_category-atualizacoes-leis-trabalhistas","news_category-mundo","news_category-salario-minimo"],"acf":[],"yoast_head":"<!-- This site is optimized with the Yoast SEO Premium plugin v26.8 (Yoast SEO v26.8) - https:\/\/yoast.com\/product\/yoast-seo-premium-wordpress\/ -->\n<title>Novo sal\u00e1rio m\u00ednimo do Chile entre o top da Am\u00e9rica Latina<\/title>\n<meta name=\"description\" content=\"O Chile anuncia um aumento do sal\u00e1rio m\u00ednimo entre os mais altos da Am\u00e9rica Latina, conforme relatado pela Bloomberg Tax em 12\/05\/2025.\" \/>\n<meta name=\"robots\" content=\"index, follow, max-snippet:-1, max-image-preview:large, max-video-preview:-1\" \/>\n<link rel=\"canonical\" href=\"https:\/\/www.jibble.io\/pt-br\/noticias\/salario-minimo-chile\" \/>\n<meta property=\"og:locale\" content=\"pt_BR\" \/>\n<meta property=\"og:type\" content=\"article\" \/>\n<meta property=\"og:title\" content=\"Novo sal\u00e1rio m\u00ednimo do Chile entre os mais altos da Am\u00e9rica Latina\" \/>\n<meta property=\"og:description\" content=\"O Chile anuncia um aumento do sal\u00e1rio m\u00ednimo entre os mais altos da Am\u00e9rica Latina, conforme relatado pela Bloomberg Tax em 12\/05\/2025.\" \/>\n<meta property=\"og:url\" content=\"https:\/\/www.jibble.io\/pt-br\/noticias\/salario-minimo-chile\" \/>\n<meta property=\"og:site_name\" content=\"Jibble\" \/>\n<meta property=\"article:modified_time\" content=\"2025-07-08T17:30:14+00:00\" \/>\n<meta property=\"og:image\" content=\"https:\/\/www.jibble.io\/wp-content\/uploads\/2025\/06\/juan-pablo-ahumada-Y9Wp5keJsn8-unsplash-scaled_PTBR.webp\" \/>\n\t<meta property=\"og:image:width\" content=\"2560\" \/>\n\t<meta property=\"og:image:height\" content=\"1707\" \/>\n\t<meta property=\"og:image:type\" content=\"image\/jpeg\" \/>\n<meta name=\"twitter:card\" content=\"summary_large_image\" \/>\n<meta name=\"twitter:label1\" content=\"Est. tempo de leitura\" \/>\n\t<meta name=\"twitter:data1\" content=\"2 minutos\" \/>\n<script type=\"application\/ld+json\" class=\"yoast-schema-graph\">{\"@context\":\"https:\/\/schema.org\",\"@graph\":[{\"@type\":\"NewsArticle\",\"@id\":\"https:\/\/www.jibble.io\/pt-br\/noticias\/salario-minimo-chile#article\",\"isPartOf\":{\"@id\":\"https:\/\/www.jibble.io\/pt-br\/noticias\/salario-minimo-chile\"},\"author\":{\"name\":\"Jennifer Blair\",\"@id\":\"https:\/\/www.jibble.io\/pt-br#\/schema\/person\/459d1f478476aa66f3a6c02e9fc7ae11\"},\"headline\":\"Novo sal\u00e1rio m\u00ednimo do Chile entre os mais altos da Am\u00e9rica Latina\",\"datePublished\":\"2025-06-10T08:16:24+00:00\",\"dateModified\":\"2025-07-08T17:30:14+00:00\",\"mainEntityOfPage\":{\"@id\":\"https:\/\/www.jibble.io\/pt-br\/noticias\/salario-minimo-chile\"},\"wordCount\":518,\"publisher\":{\"@id\":\"https:\/\/www.jibble.io\/pt-br#organization\"},\"image\":{\"@id\":\"https:\/\/www.jibble.io\/pt-br\/noticias\/salario-minimo-chile#primaryimage\"},\"thumbnailUrl\":\"https:\/\/www.jibble.io\/wp-content\/uploads\/2025\/06\/juan-pablo-ahumada-Y9Wp5keJsn8-unsplash-scaled_PTBR.webp\",\"inLanguage\":\"pt-BR\"},{\"@type\":\"WebPage\",\"@id\":\"https:\/\/www.jibble.io\/pt-br\/noticias\/salario-minimo-chile\",\"url\":\"https:\/\/www.jibble.io\/pt-br\/noticias\/salario-minimo-chile\",\"name\":\"Novo sal\u00e1rio m\u00ednimo do Chile entre o top da Am\u00e9rica Latina\",\"isPartOf\":{\"@id\":\"https:\/\/www.jibble.io\/pt-br#website\"},\"primaryImageOfPage\":{\"@id\":\"https:\/\/www.jibble.io\/pt-br\/noticias\/salario-minimo-chile#primaryimage\"},\"image\":{\"@id\":\"https:\/\/www.jibble.io\/pt-br\/noticias\/salario-minimo-chile#primaryimage\"},\"thumbnailUrl\":\"https:\/\/www.jibble.io\/wp-content\/uploads\/2025\/06\/juan-pablo-ahumada-Y9Wp5keJsn8-unsplash-scaled_PTBR.webp\",\"datePublished\":\"2025-06-10T08:16:24+00:00\",\"dateModified\":\"2025-07-08T17:30:14+00:00\",\"description\":\"O Chile anuncia um aumento do sal\u00e1rio m\u00ednimo entre os mais altos da Am\u00e9rica Latina, conforme relatado pela Bloomberg Tax em 12\/05\/2025.\",\"inLanguage\":\"pt-BR\",\"potentialAction\":[{\"@type\":\"ReadAction\",\"target\":[\"https:\/\/www.jibble.io\/pt-br\/noticias\/salario-minimo-chile\"]}]},{\"@type\":\"ImageObject\",\"inLanguage\":\"pt-BR\",\"@id\":\"https:\/\/www.jibble.io\/pt-br\/noticias\/salario-minimo-chile#primaryimage\",\"url\":\"https:\/\/www.jibble.io\/wp-content\/uploads\/2025\/06\/juan-pablo-ahumada-Y9Wp5keJsn8-unsplash-scaled_PTBR.webp\",\"contentUrl\":\"https:\/\/www.jibble.io\/wp-content\/uploads\/2025\/06\/juan-pablo-ahumada-Y9Wp5keJsn8-unsplash-scaled_PTBR.webp\",\"width\":2560,\"height\":1707,\"caption\":\"Foto por Juan Pablo Ahumada no Unsplash\"},{\"@type\":\"WebSite\",\"@id\":\"https:\/\/www.jibble.io\/pt-br#website\",\"url\":\"https:\/\/www.jibble.io\/pt-br\",\"name\":\"Jibble\",\"description\":\"Meet the new standard in time tracking software\",\"publisher\":{\"@id\":\"https:\/\/www.jibble.io\/pt-br#organization\"},\"potentialAction\":[{\"@type\":\"SearchAction\",\"target\":{\"@type\":\"EntryPoint\",\"urlTemplate\":\"https:\/\/www.jibble.io\/pt-br?s={search_term_string}\"},\"query-input\":{\"@type\":\"PropertyValueSpecification\",\"valueRequired\":true,\"valueName\":\"search_term_string\"}}],\"inLanguage\":\"pt-BR\"},{\"@type\":\"Organization\",\"@id\":\"https:\/\/www.jibble.io\/pt-br#organization\",\"name\":\"Jibble\",\"url\":\"https:\/\/www.jibble.io\/pt-br\",\"logo\":{\"@type\":\"ImageObject\",\"inLanguage\":\"pt-BR\",\"@id\":\"https:\/\/www.jibble.io\/pt-br#\/schema\/logo\/image\/\",\"url\":\"https:\/\/www.jibble.io\/wp-content\/uploads\/2022\/05\/Original-copy-923x1024.png\",\"contentUrl\":\"https:\/\/www.jibble.io\/wp-content\/uploads\/2022\/05\/Original-copy-923x1024.png\",\"width\":\"923\",\"height\":\"1024\",\"caption\":\"Jibble\"},\"image\":{\"@id\":\"https:\/\/www.jibble.io\/pt-br#\/schema\/logo\/image\/\"},\"sameAs\":[\"https:\/\/www.linkedin.com\/company\/jibble\/\"]},{\"@type\":\"Person\",\"@id\":\"https:\/\/www.jibble.io\/pt-br#\/schema\/person\/459d1f478476aa66f3a6c02e9fc7ae11\",\"name\":\"Jennifer Blair\",\"image\":{\"@type\":\"ImageObject\",\"inLanguage\":\"pt-BR\",\"@id\":\"https:\/\/www.jibble.io\/pt-br#\/schema\/person\/image\/\",\"url\":\"https:\/\/secure.gravatar.com\/avatar\/5a23d92ddb7d8193867abfdff5ef5599?s=96&d=mm&r=g\",\"contentUrl\":\"https:\/\/secure.gravatar.com\/avatar\/5a23d92ddb7d8193867abfdff5ef5599?s=96&d=mm&r=g\",\"caption\":\"Jennifer Blair\"}}]}<\/script>\n<!-- \/ Yoast SEO Premium plugin. -->","yoast_head_json":{"title":"Novo sal\u00e1rio m\u00ednimo do Chile entre o top da Am\u00e9rica Latina","description":"O Chile anuncia um aumento do sal\u00e1rio m\u00ednimo entre os mais altos da Am\u00e9rica Latina, conforme relatado pela Bloomberg Tax em 12\/05\/2025.","robots":{"index":"index","follow":"follow","max-snippet":"max-snippet:-1","max-image-preview":"max-image-preview:large","max-video-preview":"max-video-preview:-1"},"canonical":"https:\/\/www.jibble.io\/pt-br\/noticias\/salario-minimo-chile","og_locale":"pt_BR","og_type":"article","og_title":"Novo sal\u00e1rio m\u00ednimo do Chile entre os mais altos da Am\u00e9rica Latina","og_description":"O Chile anuncia um aumento do sal\u00e1rio m\u00ednimo entre os mais altos da Am\u00e9rica Latina, conforme relatado pela Bloomberg Tax em 12\/05\/2025.","og_url":"https:\/\/www.jibble.io\/pt-br\/noticias\/salario-minimo-chile","og_site_name":"Jibble","article_modified_time":"2025-07-08T17:30:14+00:00","og_image":[{"width":2560,"height":1707,"url":"https:\/\/www.jibble.io\/wp-content\/uploads\/2025\/06\/juan-pablo-ahumada-Y9Wp5keJsn8-unsplash-scaled_PTBR.webp","type":"image\/jpeg"}],"twitter_card":"summary_large_image","twitter_misc":{"Est. tempo de leitura":"2 minutos"},"schema":{"@context":"https:\/\/schema.org","@graph":[{"@type":"NewsArticle","@id":"https:\/\/www.jibble.io\/pt-br\/noticias\/salario-minimo-chile#article","isPartOf":{"@id":"https:\/\/www.jibble.io\/pt-br\/noticias\/salario-minimo-chile"},"author":{"name":"Jennifer Blair","@id":"https:\/\/www.jibble.io\/pt-br#\/schema\/person\/459d1f478476aa66f3a6c02e9fc7ae11"},"headline":"Novo sal\u00e1rio m\u00ednimo do Chile entre os mais altos da Am\u00e9rica Latina","datePublished":"2025-06-10T08:16:24+00:00","dateModified":"2025-07-08T17:30:14+00:00","mainEntityOfPage":{"@id":"https:\/\/www.jibble.io\/pt-br\/noticias\/salario-minimo-chile"},"wordCount":518,"publisher":{"@id":"https:\/\/www.jibble.io\/pt-br#organization"},"image":{"@id":"https:\/\/www.jibble.io\/pt-br\/noticias\/salario-minimo-chile#primaryimage"},"thumbnailUrl":"https:\/\/www.jibble.io\/wp-content\/uploads\/2025\/06\/juan-pablo-ahumada-Y9Wp5keJsn8-unsplash-scaled_PTBR.webp","inLanguage":"pt-BR"},{"@type":"WebPage","@id":"https:\/\/www.jibble.io\/pt-br\/noticias\/salario-minimo-chile","url":"https:\/\/www.jibble.io\/pt-br\/noticias\/salario-minimo-chile","name":"Novo sal\u00e1rio m\u00ednimo do Chile entre o top da Am\u00e9rica Latina","isPartOf":{"@id":"https:\/\/www.jibble.io\/pt-br#website"},"primaryImageOfPage":{"@id":"https:\/\/www.jibble.io\/pt-br\/noticias\/salario-minimo-chile#primaryimage"},"image":{"@id":"https:\/\/www.jibble.io\/pt-br\/noticias\/salario-minimo-chile#primaryimage"},"thumbnailUrl":"https:\/\/www.jibble.io\/wp-content\/uploads\/2025\/06\/juan-pablo-ahumada-Y9Wp5keJsn8-unsplash-scaled_PTBR.webp","datePublished":"2025-06-10T08:16:24+00:00","dateModified":"2025-07-08T17:30:14+00:00","description":"O Chile anuncia um aumento do sal\u00e1rio m\u00ednimo entre os mais altos da Am\u00e9rica Latina, conforme relatado pela Bloomberg Tax em 12\/05\/2025.","inLanguage":"pt-BR","potentialAction":[{"@type":"ReadAction","target":["https:\/\/www.jibble.io\/pt-br\/noticias\/salario-minimo-chile"]}]},{"@type":"ImageObject","inLanguage":"pt-BR","@id":"https:\/\/www.jibble.io\/pt-br\/noticias\/salario-minimo-chile#primaryimage","url":"https:\/\/www.jibble.io\/wp-content\/uploads\/2025\/06\/juan-pablo-ahumada-Y9Wp5keJsn8-unsplash-scaled_PTBR.webp","contentUrl":"https:\/\/www.jibble.io\/wp-content\/uploads\/2025\/06\/juan-pablo-ahumada-Y9Wp5keJsn8-unsplash-scaled_PTBR.webp","width":2560,"height":1707,"caption":"Foto por Juan Pablo Ahumada no Unsplash"},{"@type":"WebSite","@id":"https:\/\/www.jibble.io\/pt-br#website","url":"https:\/\/www.jibble.io\/pt-br","name":"Jibble","description":"Meet the new standard in time tracking software","publisher":{"@id":"https:\/\/www.jibble.io\/pt-br#organization"},"potentialAction":[{"@type":"SearchAction","target":{"@type":"EntryPoint","urlTemplate":"https:\/\/www.jibble.io\/pt-br?s={search_term_string}"},"query-input":{"@type":"PropertyValueSpecification","valueRequired":true,"valueName":"search_term_string"}}],"inLanguage":"pt-BR"},{"@type":"Organization","@id":"https:\/\/www.jibble.io\/pt-br#organization","name":"Jibble","url":"https:\/\/www.jibble.io\/pt-br","logo":{"@type":"ImageObject","inLanguage":"pt-BR","@id":"https:\/\/www.jibble.io\/pt-br#\/schema\/logo\/image\/","url":"https:\/\/www.jibble.io\/wp-content\/uploads\/2022\/05\/Original-copy-923x1024.png","contentUrl":"https:\/\/www.jibble.io\/wp-content\/uploads\/2022\/05\/Original-copy-923x1024.png","width":"923","height":"1024","caption":"Jibble"},"image":{"@id":"https:\/\/www.jibble.io\/pt-br#\/schema\/logo\/image\/"},"sameAs":["https:\/\/www.linkedin.com\/company\/jibble\/"]},{"@type":"Person","@id":"https:\/\/www.jibble.io\/pt-br#\/schema\/person\/459d1f478476aa66f3a6c02e9fc7ae11","name":"Jennifer Blair","image":{"@type":"ImageObject","inLanguage":"pt-BR","@id":"https:\/\/www.jibble.io\/pt-br#\/schema\/person\/image\/","url":"https:\/\/secure.gravatar.com\/avatar\/5a23d92ddb7d8193867abfdff5ef5599?s=96&d=mm&r=g","contentUrl":"https:\/\/secure.gravatar.com\/avatar\/5a23d92ddb7d8193867abfdff5ef5599?s=96&d=mm&r=g","caption":"Jennifer Blair"}}]}},"_links":{"self":[{"href":"https:\/\/www.jibble.io\/pt-br\/wp-json\/wp\/v2\/news\/294515","targetHints":{"allow":["GET"]}}],"collection":[{"href":"https:\/\/www.jibble.io\/pt-br\/wp-json\/wp\/v2\/news"}],"about":[{"href":"https:\/\/www.jibble.io\/pt-br\/wp-json\/wp\/v2\/types\/news"}],"author":[{"embeddable":true,"href":"https:\/\/www.jibble.io\/pt-br\/wp-json\/wp\/v2\/users\/77"}],"version-history":[{"count":3,"href":"https:\/\/www.jibble.io\/pt-br\/wp-json\/wp\/v2\/news\/294515\/revisions"}],"predecessor-version":[{"id":294749,"href":"https:\/\/www.jibble.io\/pt-br\/wp-json\/wp\/v2\/news\/294515\/revisions\/294749"}],"wp:featuredmedia":[{"embeddable":true,"href":"https:\/\/www.jibble.io\/pt-br\/wp-json\/wp\/v2\/media\/294522"}],"wp:attachment":[{"href":"https:\/\/www.jibble.io\/pt-br\/wp-json\/wp\/v2\/media?parent=294515"}],"wp:term":[{"taxonomy":"news_category","embeddable":true,"href":"https:\/\/www.jibble.io\/pt-br\/wp-json\/wp\/v2\/news_category?post=294515"}],"curies":[{"name":"wp","href":"https:\/\/api.w.org\/{rel}","templated":true}]}}