{"id":279950,"date":"2025-05-29T06:58:38","date_gmt":"2025-05-29T05:58:38","guid":{"rendered":"https:\/\/www.jibble.io\/news\/mexico-workweek-reduction"},"modified":"2025-06-11T09:07:02","modified_gmt":"2025-06-11T08:07:02","slug":"reducao-jornada-trabalho-mexico","status":"publish","type":"news","link":"https:\/\/www.jibble.io\/pt-br\/noticias\/reducao-jornada-trabalho-mexico","title":{"rendered":"Redu\u00e7\u00e3o hist\u00f3rica da jornada de trabalho no M\u00e9xico"},"content":{"rendered":"<p>A Presidente do M\u00e9xico, Claudia Sheinbaum, anunciou a redu\u00e7\u00e3o da jornada de trabalho para 40 horas semanais at\u00e9 2030 durante as comemora\u00e7\u00f5es do Dia do Trabalho, conforme noticiado pela ag\u00eancia Reuters no dia 2 de maio de 2025.<\/p>\n<p>&nbsp;<\/p>\n<p>O an\u00fancio marca a reforma mais significativa da <a href=\"https:\/\/www.jibble.io\/pt-br\/leis-trabalhistas\" target=\"_blank\" rel=\"noopener\">legisla\u00e7\u00e3o trabalhista<\/a> do pa\u00eds desde 1917 e se alinha com os esfor\u00e7os latino-americanos mais amplos para lidar com o excesso de trabalho, melhorar a qualidade de vida e modernizar os padr\u00f5es trabalhistas.<\/p>\n<p>&nbsp;<\/p>\n<h2 style=\"font-weight: 400;\">Implica\u00e7\u00f5es para empregadores e trabalhadores<\/h2>\n<p>&nbsp;<\/p>\n<p>Quando implementadas em 2030, as mudan\u00e7as determinar\u00e3o legalmente uma jornada de trabalho m\u00e1xima de 40 horas semanais em todo o pa\u00eds. Isso se aplicaria tanto ao setor p\u00fablico quanto ao privado.<\/p>\n<p>&nbsp;<\/p>\n<blockquote><p>\u201cIsso precisa ficar bem claro. A redu\u00e7\u00e3o da jornada de trabalho n\u00e3o reduz a produtividade\u201d, disse o Secret\u00e1rio do Trabalho, Marath Bola\u00f1os, durante o an\u00fancio. \u201cO que ela faz \u00e9 dignificar a exist\u00eancia dos trabalhadores, devolvendo-lhes horas de suas vidas e valorizando o trabalho que realizam semana a semana\u201d.<\/p><\/blockquote>\n<p>&nbsp;<\/p>\n<p>Grupos trabalhistas receberam bem a medida, afirmando que ela poderia ajudar a reduzir o esgotamento e restaurar o equil\u00edbrio entre vida pessoal e profissional. No entanto, a maior federa\u00e7\u00e3o empresarial do M\u00e9xico, a Coparmex, criticou o plano, alertando sobre o aumento dos custos e a perda de produtividade.<\/p>\n<p>&nbsp;<\/p>\n<p>As empresas tamb\u00e9m temem custos adicionais para turnos de fim de semana ou s\u00e1bados, atualmente tratados como dias \u00fateis padr\u00e3o. Os cr\u00edticos argumentam que, sem incentivos fiscais ou apoio \u00e0 implementa\u00e7\u00e3o em fases, as pequenas e m\u00e9dias empresas poder\u00e3o ter dificuldades.<\/p>\n<p>&nbsp;<\/p>\n<h2 style=\"font-weight: 400;\">Por que agora?<\/h2>\n<p>&nbsp;<\/p>\n<p>Globalmente, o M\u00e9xico ocupa uma posi\u00e7\u00e3o de destaque em termos de m\u00e9dia anual de horas de trabalho, com os empregadores geralmente programando jornadas de trabalho de mais de 56 horas semanais, especialmente em setores de <a href=\"https:\/\/pt.wikipedia.org\/wiki\/Colarinho_azul\" target=\"_blank\" rel=\"noopener\">colarinho azul<\/a> ou de baixos sal\u00e1rios. Atualmente, n\u00e3o h\u00e1 penalidades criminais para as empresas que aplicam jornadas mais longas.<\/p>\n<p>&nbsp;<\/p>\n<p>A reforma atualizaria disposi\u00e7\u00f5es que permaneceram praticamente inalteradas por mais de um s\u00e9culo. Ela tamb\u00e9m exigiria melhores mecanismos de aplica\u00e7\u00e3o e protocolos de inspe\u00e7\u00e3o para evitar abusos cont\u00ednuos.<\/p>\n<p>&nbsp;<\/p>\n<p>A reforma faz parte de um movimento internacional mais amplo. O Chile j\u00e1 aprovou uma lei para implementar uma semana de trabalho de 40 horas at\u00e9 2028, e a Col\u00f4mbia est\u00e1 introduzindo um limite de 42 horas at\u00e9 2026. No Brasil, uma proposta pol\u00eamica para limitar o trabalho a 36 horas e permitir semanas de trabalho de quatro dias est\u00e1 sendo discutida.<\/p>\n<p>&nbsp;<\/p>\n<h2 style=\"font-weight: 400;\">Um novo cap\u00edtulo para os trabalhadores mexicanos<\/h2>\n<p>&nbsp;<\/p>\n<p>A proposta de redu\u00e7\u00e3o da jornada de trabalho no M\u00e9xico representa mais do que apenas uma mudan\u00e7a de pol\u00edtica, ela sinaliza uma transforma\u00e7\u00e3o cultural na forma como o trabalho \u00e9 valorizado. \u00c0 medida que o M\u00e9xico se junta a uma onda de na\u00e7\u00f5es latino-americanas que repensam o papel do trabalho na vida cotidiana, a reforma prepara o terreno para um futuro mais equilibrado e humano para sua for\u00e7a de trabalho.<\/p>\n<p>&nbsp;<\/p>\n<p>Embora haja resist\u00eancia do setor empresarial, a abordagem gradual e colaborativa do governo demonstra um compromisso s\u00e9rio com a moderniza\u00e7\u00e3o dos padr\u00f5es trabalhistas.<\/p>\n<p>&nbsp;<\/p>\n<p>Se implementada de forma eficaz, a reforma n\u00e3o s\u00f3 reformular\u00e1 os hor\u00e1rios de trabalho, mas tamb\u00e9m redefinir\u00e1 o que significa trabalhar e viver no M\u00e9xico.<\/p>\n<p>&nbsp;<\/p>\n<blockquote><p>Artigos Relacionados:<\/p>\n<p><a href=\"https:\/\/www.jibble.io\/pt-br\/leis-trabalhistas\/leis-laborais-em-portugal\/horas-extras\">Horas Extras: O Que Diz a Legisla\u00e7\u00e3o Portuguesa?<\/a><\/p>\n<p><a href=\"https:\/\/www.jibble.io\/pt-br\/artigos\/calculo-hora-extra\">C\u00e1lculo de Hora Extra: Voc\u00ea Sabe Como Calcular Hora Extra no Brasil?<\/a><\/p>\n<p><a href=\"https:\/\/www.jibble.io\/pt-br\/artigos\/rastreador-horas-extras\">O que \u00e9 um Rastreador de Horas Extras?<\/a><\/p>\n<p><a href=\"https:\/\/www.jibble.io\/pt-br\/artigos\/rastrear-e-verificar-presenca\">Como Rastrear e Verificar a Presen\u00e7a<\/a><\/p><\/blockquote>\n","protected":false},"author":77,"featured_media":279971,"parent":0,"menu_order":0,"template":"","meta":{"_acf_changed":false,"footnotes":""},"news_category":[1287,1235,1243],"class_list":["post-279950","news","type-news","status-publish","has-post-thumbnail","hentry","news_category-horario-trabalho","news_category-mundo","news_category-tendencias-semana-trabalho"],"acf":[],"yoast_head":"<!-- This site is optimized with the Yoast SEO Premium plugin v26.8 (Yoast SEO v26.8) - https:\/\/yoast.com\/product\/yoast-seo-premium-wordpress\/ -->\n<title>Redu\u00e7\u00e3o hist\u00f3rica da jornada de trabalho no M\u00e9xico | Jibble<\/title>\n<meta name=\"description\" content=\"A presidente do M\u00e9xico anunciou uma redu\u00e7\u00e3o hist\u00f3rica da jornada de trabalho para 40 horas at\u00e9 2030, conforme relatado pela AbrilAbril.\" \/>\n<meta name=\"robots\" content=\"index, follow, max-snippet:-1, max-image-preview:large, max-video-preview:-1\" \/>\n<link rel=\"canonical\" href=\"https:\/\/www.jibble.io\/pt-br\/noticias\/reducao-jornada-trabalho-mexico\" \/>\n<meta property=\"og:locale\" content=\"pt_BR\" \/>\n<meta property=\"og:type\" content=\"article\" \/>\n<meta property=\"og:title\" content=\"Redu\u00e7\u00e3o hist\u00f3rica da jornada de trabalho no M\u00e9xico\" \/>\n<meta property=\"og:description\" content=\"A presidente do M\u00e9xico anunciou uma redu\u00e7\u00e3o hist\u00f3rica da jornada de trabalho para 40 horas at\u00e9 2030, conforme relatado pela AbrilAbril.\" \/>\n<meta property=\"og:url\" content=\"https:\/\/www.jibble.io\/pt-br\/noticias\/reducao-jornada-trabalho-mexico\" \/>\n<meta property=\"og:site_name\" content=\"Jibble\" \/>\n<meta property=\"article:modified_time\" content=\"2025-06-11T08:07:02+00:00\" \/>\n<meta property=\"og:image\" content=\"https:\/\/www.jibble.io\/wp-content\/uploads\/2025\/05\/jorge-aguilar-vZ9TqSm9ZsQ-unsplash-scaled_PTBR.webp\" \/>\n\t<meta property=\"og:image:width\" content=\"2560\" \/>\n\t<meta property=\"og:image:height\" content=\"1707\" \/>\n\t<meta property=\"og:image:type\" content=\"image\/jpeg\" \/>\n<meta name=\"twitter:card\" content=\"summary_large_image\" \/>\n<meta name=\"twitter:label1\" content=\"Est. tempo de leitura\" \/>\n\t<meta name=\"twitter:data1\" content=\"3 minutos\" \/>\n<script type=\"application\/ld+json\" class=\"yoast-schema-graph\">{\"@context\":\"https:\/\/schema.org\",\"@graph\":[{\"@type\":\"NewsArticle\",\"@id\":\"https:\/\/www.jibble.io\/pt-br\/noticias\/reducao-jornada-trabalho-mexico#article\",\"isPartOf\":{\"@id\":\"https:\/\/www.jibble.io\/pt-br\/noticias\/reducao-jornada-trabalho-mexico\"},\"author\":{\"name\":\"Jennifer Blair\",\"@id\":\"https:\/\/www.jibble.io\/pt-br#\/schema\/person\/459d1f478476aa66f3a6c02e9fc7ae11\"},\"headline\":\"Redu\u00e7\u00e3o hist\u00f3rica da jornada de trabalho no M\u00e9xico\",\"datePublished\":\"2025-05-29T05:58:38+00:00\",\"dateModified\":\"2025-06-11T08:07:02+00:00\",\"mainEntityOfPage\":{\"@id\":\"https:\/\/www.jibble.io\/pt-br\/noticias\/reducao-jornada-trabalho-mexico\"},\"wordCount\":632,\"publisher\":{\"@id\":\"https:\/\/www.jibble.io\/pt-br#organization\"},\"image\":{\"@id\":\"https:\/\/www.jibble.io\/pt-br\/noticias\/reducao-jornada-trabalho-mexico#primaryimage\"},\"thumbnailUrl\":\"https:\/\/www.jibble.io\/wp-content\/uploads\/2025\/05\/jorge-aguilar-vZ9TqSm9ZsQ-unsplash-scaled_PTBR.webp\",\"inLanguage\":\"pt-BR\"},{\"@type\":\"WebPage\",\"@id\":\"https:\/\/www.jibble.io\/pt-br\/noticias\/reducao-jornada-trabalho-mexico\",\"url\":\"https:\/\/www.jibble.io\/pt-br\/noticias\/reducao-jornada-trabalho-mexico\",\"name\":\"Redu\u00e7\u00e3o hist\u00f3rica da jornada de trabalho no M\u00e9xico | Jibble\",\"isPartOf\":{\"@id\":\"https:\/\/www.jibble.io\/pt-br#website\"},\"primaryImageOfPage\":{\"@id\":\"https:\/\/www.jibble.io\/pt-br\/noticias\/reducao-jornada-trabalho-mexico#primaryimage\"},\"image\":{\"@id\":\"https:\/\/www.jibble.io\/pt-br\/noticias\/reducao-jornada-trabalho-mexico#primaryimage\"},\"thumbnailUrl\":\"https:\/\/www.jibble.io\/wp-content\/uploads\/2025\/05\/jorge-aguilar-vZ9TqSm9ZsQ-unsplash-scaled_PTBR.webp\",\"datePublished\":\"2025-05-29T05:58:38+00:00\",\"dateModified\":\"2025-06-11T08:07:02+00:00\",\"description\":\"A presidente do M\u00e9xico anunciou uma redu\u00e7\u00e3o hist\u00f3rica da jornada de trabalho para 40 horas at\u00e9 2030, conforme relatado pela AbrilAbril.\",\"inLanguage\":\"pt-BR\",\"potentialAction\":[{\"@type\":\"ReadAction\",\"target\":[\"https:\/\/www.jibble.io\/pt-br\/noticias\/reducao-jornada-trabalho-mexico\"]}]},{\"@type\":\"ImageObject\",\"inLanguage\":\"pt-BR\",\"@id\":\"https:\/\/www.jibble.io\/pt-br\/noticias\/reducao-jornada-trabalho-mexico#primaryimage\",\"url\":\"https:\/\/www.jibble.io\/wp-content\/uploads\/2025\/05\/jorge-aguilar-vZ9TqSm9ZsQ-unsplash-scaled_PTBR.webp\",\"contentUrl\":\"https:\/\/www.jibble.io\/wp-content\/uploads\/2025\/05\/jorge-aguilar-vZ9TqSm9ZsQ-unsplash-scaled_PTBR.webp\",\"width\":2560,\"height\":1707,\"caption\":\"Foto por Jorge Aguilar no Unsplash\"},{\"@type\":\"WebSite\",\"@id\":\"https:\/\/www.jibble.io\/pt-br#website\",\"url\":\"https:\/\/www.jibble.io\/pt-br\",\"name\":\"Jibble\",\"description\":\"Meet the new standard in time tracking software\",\"publisher\":{\"@id\":\"https:\/\/www.jibble.io\/pt-br#organization\"},\"potentialAction\":[{\"@type\":\"SearchAction\",\"target\":{\"@type\":\"EntryPoint\",\"urlTemplate\":\"https:\/\/www.jibble.io\/pt-br?s={search_term_string}\"},\"query-input\":{\"@type\":\"PropertyValueSpecification\",\"valueRequired\":true,\"valueName\":\"search_term_string\"}}],\"inLanguage\":\"pt-BR\"},{\"@type\":\"Organization\",\"@id\":\"https:\/\/www.jibble.io\/pt-br#organization\",\"name\":\"Jibble\",\"url\":\"https:\/\/www.jibble.io\/pt-br\",\"logo\":{\"@type\":\"ImageObject\",\"inLanguage\":\"pt-BR\",\"@id\":\"https:\/\/www.jibble.io\/pt-br#\/schema\/logo\/image\/\",\"url\":\"https:\/\/www.jibble.io\/wp-content\/uploads\/2022\/05\/Original-copy-923x1024.png\",\"contentUrl\":\"https:\/\/www.jibble.io\/wp-content\/uploads\/2022\/05\/Original-copy-923x1024.png\",\"width\":\"923\",\"height\":\"1024\",\"caption\":\"Jibble\"},\"image\":{\"@id\":\"https:\/\/www.jibble.io\/pt-br#\/schema\/logo\/image\/\"},\"sameAs\":[\"https:\/\/www.linkedin.com\/company\/jibble\/\"]},{\"@type\":\"Person\",\"@id\":\"https:\/\/www.jibble.io\/pt-br#\/schema\/person\/459d1f478476aa66f3a6c02e9fc7ae11\",\"name\":\"Jennifer Blair\",\"image\":{\"@type\":\"ImageObject\",\"inLanguage\":\"pt-BR\",\"@id\":\"https:\/\/www.jibble.io\/pt-br#\/schema\/person\/image\/\",\"url\":\"https:\/\/secure.gravatar.com\/avatar\/5a23d92ddb7d8193867abfdff5ef5599?s=96&d=mm&r=g\",\"contentUrl\":\"https:\/\/secure.gravatar.com\/avatar\/5a23d92ddb7d8193867abfdff5ef5599?s=96&d=mm&r=g\",\"caption\":\"Jennifer Blair\"}}]}<\/script>\n<!-- \/ Yoast SEO Premium plugin. -->","yoast_head_json":{"title":"Redu\u00e7\u00e3o hist\u00f3rica da jornada de trabalho no M\u00e9xico | Jibble","description":"A presidente do M\u00e9xico anunciou uma redu\u00e7\u00e3o hist\u00f3rica da jornada de trabalho para 40 horas at\u00e9 2030, conforme relatado pela AbrilAbril.","robots":{"index":"index","follow":"follow","max-snippet":"max-snippet:-1","max-image-preview":"max-image-preview:large","max-video-preview":"max-video-preview:-1"},"canonical":"https:\/\/www.jibble.io\/pt-br\/noticias\/reducao-jornada-trabalho-mexico","og_locale":"pt_BR","og_type":"article","og_title":"Redu\u00e7\u00e3o hist\u00f3rica da jornada de trabalho no M\u00e9xico","og_description":"A presidente do M\u00e9xico anunciou uma redu\u00e7\u00e3o hist\u00f3rica da jornada de trabalho para 40 horas at\u00e9 2030, conforme relatado pela AbrilAbril.","og_url":"https:\/\/www.jibble.io\/pt-br\/noticias\/reducao-jornada-trabalho-mexico","og_site_name":"Jibble","article_modified_time":"2025-06-11T08:07:02+00:00","og_image":[{"width":2560,"height":1707,"url":"https:\/\/www.jibble.io\/wp-content\/uploads\/2025\/05\/jorge-aguilar-vZ9TqSm9ZsQ-unsplash-scaled_PTBR.webp","type":"image\/jpeg"}],"twitter_card":"summary_large_image","twitter_misc":{"Est. tempo de leitura":"3 minutos"},"schema":{"@context":"https:\/\/schema.org","@graph":[{"@type":"NewsArticle","@id":"https:\/\/www.jibble.io\/pt-br\/noticias\/reducao-jornada-trabalho-mexico#article","isPartOf":{"@id":"https:\/\/www.jibble.io\/pt-br\/noticias\/reducao-jornada-trabalho-mexico"},"author":{"name":"Jennifer Blair","@id":"https:\/\/www.jibble.io\/pt-br#\/schema\/person\/459d1f478476aa66f3a6c02e9fc7ae11"},"headline":"Redu\u00e7\u00e3o hist\u00f3rica da jornada de trabalho no M\u00e9xico","datePublished":"2025-05-29T05:58:38+00:00","dateModified":"2025-06-11T08:07:02+00:00","mainEntityOfPage":{"@id":"https:\/\/www.jibble.io\/pt-br\/noticias\/reducao-jornada-trabalho-mexico"},"wordCount":632,"publisher":{"@id":"https:\/\/www.jibble.io\/pt-br#organization"},"image":{"@id":"https:\/\/www.jibble.io\/pt-br\/noticias\/reducao-jornada-trabalho-mexico#primaryimage"},"thumbnailUrl":"https:\/\/www.jibble.io\/wp-content\/uploads\/2025\/05\/jorge-aguilar-vZ9TqSm9ZsQ-unsplash-scaled_PTBR.webp","inLanguage":"pt-BR"},{"@type":"WebPage","@id":"https:\/\/www.jibble.io\/pt-br\/noticias\/reducao-jornada-trabalho-mexico","url":"https:\/\/www.jibble.io\/pt-br\/noticias\/reducao-jornada-trabalho-mexico","name":"Redu\u00e7\u00e3o hist\u00f3rica da jornada de trabalho no M\u00e9xico | Jibble","isPartOf":{"@id":"https:\/\/www.jibble.io\/pt-br#website"},"primaryImageOfPage":{"@id":"https:\/\/www.jibble.io\/pt-br\/noticias\/reducao-jornada-trabalho-mexico#primaryimage"},"image":{"@id":"https:\/\/www.jibble.io\/pt-br\/noticias\/reducao-jornada-trabalho-mexico#primaryimage"},"thumbnailUrl":"https:\/\/www.jibble.io\/wp-content\/uploads\/2025\/05\/jorge-aguilar-vZ9TqSm9ZsQ-unsplash-scaled_PTBR.webp","datePublished":"2025-05-29T05:58:38+00:00","dateModified":"2025-06-11T08:07:02+00:00","description":"A presidente do M\u00e9xico anunciou uma redu\u00e7\u00e3o hist\u00f3rica da jornada de trabalho para 40 horas at\u00e9 2030, conforme relatado pela AbrilAbril.","inLanguage":"pt-BR","potentialAction":[{"@type":"ReadAction","target":["https:\/\/www.jibble.io\/pt-br\/noticias\/reducao-jornada-trabalho-mexico"]}]},{"@type":"ImageObject","inLanguage":"pt-BR","@id":"https:\/\/www.jibble.io\/pt-br\/noticias\/reducao-jornada-trabalho-mexico#primaryimage","url":"https:\/\/www.jibble.io\/wp-content\/uploads\/2025\/05\/jorge-aguilar-vZ9TqSm9ZsQ-unsplash-scaled_PTBR.webp","contentUrl":"https:\/\/www.jibble.io\/wp-content\/uploads\/2025\/05\/jorge-aguilar-vZ9TqSm9ZsQ-unsplash-scaled_PTBR.webp","width":2560,"height":1707,"caption":"Foto por Jorge Aguilar no Unsplash"},{"@type":"WebSite","@id":"https:\/\/www.jibble.io\/pt-br#website","url":"https:\/\/www.jibble.io\/pt-br","name":"Jibble","description":"Meet the new standard in time tracking software","publisher":{"@id":"https:\/\/www.jibble.io\/pt-br#organization"},"potentialAction":[{"@type":"SearchAction","target":{"@type":"EntryPoint","urlTemplate":"https:\/\/www.jibble.io\/pt-br?s={search_term_string}"},"query-input":{"@type":"PropertyValueSpecification","valueRequired":true,"valueName":"search_term_string"}}],"inLanguage":"pt-BR"},{"@type":"Organization","@id":"https:\/\/www.jibble.io\/pt-br#organization","name":"Jibble","url":"https:\/\/www.jibble.io\/pt-br","logo":{"@type":"ImageObject","inLanguage":"pt-BR","@id":"https:\/\/www.jibble.io\/pt-br#\/schema\/logo\/image\/","url":"https:\/\/www.jibble.io\/wp-content\/uploads\/2022\/05\/Original-copy-923x1024.png","contentUrl":"https:\/\/www.jibble.io\/wp-content\/uploads\/2022\/05\/Original-copy-923x1024.png","width":"923","height":"1024","caption":"Jibble"},"image":{"@id":"https:\/\/www.jibble.io\/pt-br#\/schema\/logo\/image\/"},"sameAs":["https:\/\/www.linkedin.com\/company\/jibble\/"]},{"@type":"Person","@id":"https:\/\/www.jibble.io\/pt-br#\/schema\/person\/459d1f478476aa66f3a6c02e9fc7ae11","name":"Jennifer Blair","image":{"@type":"ImageObject","inLanguage":"pt-BR","@id":"https:\/\/www.jibble.io\/pt-br#\/schema\/person\/image\/","url":"https:\/\/secure.gravatar.com\/avatar\/5a23d92ddb7d8193867abfdff5ef5599?s=96&d=mm&r=g","contentUrl":"https:\/\/secure.gravatar.com\/avatar\/5a23d92ddb7d8193867abfdff5ef5599?s=96&d=mm&r=g","caption":"Jennifer Blair"}}]}},"_links":{"self":[{"href":"https:\/\/www.jibble.io\/pt-br\/wp-json\/wp\/v2\/news\/279950","targetHints":{"allow":["GET"]}}],"collection":[{"href":"https:\/\/www.jibble.io\/pt-br\/wp-json\/wp\/v2\/news"}],"about":[{"href":"https:\/\/www.jibble.io\/pt-br\/wp-json\/wp\/v2\/types\/news"}],"author":[{"embeddable":true,"href":"https:\/\/www.jibble.io\/pt-br\/wp-json\/wp\/v2\/users\/77"}],"version-history":[{"count":3,"href":"https:\/\/www.jibble.io\/pt-br\/wp-json\/wp\/v2\/news\/279950\/revisions"}],"predecessor-version":[{"id":283023,"href":"https:\/\/www.jibble.io\/pt-br\/wp-json\/wp\/v2\/news\/279950\/revisions\/283023"}],"wp:featuredmedia":[{"embeddable":true,"href":"https:\/\/www.jibble.io\/pt-br\/wp-json\/wp\/v2\/media\/279971"}],"wp:attachment":[{"href":"https:\/\/www.jibble.io\/pt-br\/wp-json\/wp\/v2\/media?parent=279950"}],"wp:term":[{"taxonomy":"news_category","embeddable":true,"href":"https:\/\/www.jibble.io\/pt-br\/wp-json\/wp\/v2\/news_category?post=279950"}],"curies":[{"name":"wp","href":"https:\/\/api.w.org\/{rel}","templated":true}]}}