{"id":274709,"date":"2025-05-21T08:56:11","date_gmt":"2025-05-21T07:56:11","guid":{"rendered":"https:\/\/www.jibble.io\/?post_type=news&#038;p=274709"},"modified":"2025-06-12T08:42:37","modified_gmt":"2025-06-12T07:42:37","slug":"o-apagao-europeu-interrompe-a-produtividade-das-empresas","status":"publish","type":"news","link":"https:\/\/www.jibble.io\/pt-br\/noticias\/o-apagao-europeu-interrompe-a-produtividade-das-empresas","title":{"rendered":"O apag\u00e3o europeu interrompe a produtividade das empresas"},"content":{"rendered":"<p><span style=\"font-weight: 400;\"><span style=\"font-weight: 400;\">A 28 de abril de 2025, uma falha de energia afetou <a href=\"https:\/\/www.jibble.io\/pt-br\">Portugal<\/a>, <a href=\"https:\/\/www.jibble.io\/es\">Espanha<\/a> e partes do sul de Fran\u00e7a durante mais de 12 horas, com um impacto cr\u00edtico nas opera\u00e7\u00f5es empresariais, produtividade dos trabalhadores e mergulhando milh\u00f5es na escurid\u00e3o, segundo a Reuters.<\/span><\/span><\/p>\n<p>&nbsp;<\/p>\n<p><span style=\"font-weight: 400;\">A causa do apag\u00e3o ainda est\u00e1 a ser investigada, no entanto, a Wired relatou que a falha foi desencadeada por uma avaria em dois interconectores de alta tens\u00e3o cruciais entre Espanha e Fran\u00e7a.<\/span><\/p>\n<p>&nbsp;<\/p>\n<p><span style=\"font-weight: 400;\">Estes interconectores desligaram-se inesperadamente, cortando importa\u00e7\u00f5es de eletricidade essenciais e desestabilizando toda a rede el\u00e9trica ib\u00e9rica. Como consequ\u00eancia, os sistemas autom\u00e1ticos de prote\u00e7\u00e3o foram ativados, desligando grandes \u00e1reas de Espanha e Portugal para evitar um colapso total da rede.<\/span><\/p>\n<p>&nbsp;<\/p>\n<h2 style=\"font-weight: 400;\">Impacto e Consequ\u00eancias do Apag\u00e3o<\/h2>\n<p><span style=\"font-weight: 400;\">As empresas<\/span>\u00a0<span style=\"font-weight: 400;\">sofreram preju\u00edzos enormes, com sistemas de pagamento digital a falharem e unidades de refrigera\u00e7\u00e3o a deixarem de funcionar. Com receio de que a falha el\u00e9trica se prolongasse por v\u00e1rios dias, milhares de cidad\u00e3os acorreram aos supermercados, provocando ruturas de stock em v\u00e1rias grandes superf\u00edcies.<\/span><\/p>\n<p>&nbsp;<\/p>\n<p><span style=\"font-weight: 400;\">Segundo a BBC News, o consumo de energia em Espanha caiu abruptamente de 25,2 para 12,4 gigawatts (GW) em apenas alguns minutos. Em Portugal, a <a href=\"https:\/\/www.ren.pt\/\" target=\"_blank\" rel=\"noopener\">Redes Energ\u00e9ticas Nacionais<\/a> (REN) reportou uma queda de 8,2 para 0,6 GW, o que representa uma redu\u00e7\u00e3o de 93% no consumo, causada pela forte depend\u00eancia das importa\u00e7\u00f5es el\u00e9tricas vindas de Espanha.<\/span><\/p>\n<p>&nbsp;<\/p>\n<p><span style=\"font-weight: 400;\">A <\/span><a href=\"https:\/\/www.ceoe.es\/\" target=\"_blank\" rel=\"noopener\"><span style=\"font-weight: 400;\">Confedera\u00e7\u00e3o Espanhola de Organiza\u00e7\u00f5es Empresariais<\/span><\/a><span style=\"font-weight: 400;\"> (CEOE) estimou que o apag\u00e3o custou \u00e0 economia cerca de 1,6 mil milh\u00f5es de euros. J\u00e1 em Portugal, segundo dados divulgados pelo <a href=\"https:\/\/www.bportugal.pt\/\" target=\"_blank\" rel=\"noopener\">Banco de Portugal<\/a> (BdP), a interrup\u00e7\u00e3o do fornecimento el\u00e9trico provocou uma quebra de aproximadamente 15% na atividade econ\u00f3mica di\u00e1ria.<\/span><\/p>\n<p>&nbsp;<\/p>\n<p><span style=\"font-weight: 400;\">Em Lisboa e Madrid, os centros comerciais estavam desertos a meio da tarde. Restaurantes que normalmente funcionam at\u00e9 tarde foram for\u00e7ados a fechar portas, resultando em perdas significativas no setor da restaura\u00e7\u00e3o.<\/span><\/p>\n<p>&nbsp;<\/p>\n<p>Nas zonas afetadas de Fran\u00e7a, o fornecimento el\u00e9trico foi restabelecido em poucos minutos. Com os servi\u00e7os normalizados, a rede francesa redirecionou esfor\u00e7os para apoiar Espanha na recupera\u00e7\u00e3o da sua pr\u00f3pria infraestrutura energ\u00e9tica. Em Portugal, o restabelecimento foi mais demorado, exigindo interven\u00e7\u00f5es t\u00e9cnicas mais complexas.<\/p>\n<p>&nbsp;<\/p>\n<p>Segundo um porta-voz da Eurelectric \u2014 associa\u00e7\u00e3o que representa a ind\u00fastria energ\u00e9tica europeia \u2014, foi necess\u00e1rio realizar um procedimento conhecido como black start.<\/p>\n<p>&nbsp;<\/p>\n<blockquote>\n<p style=\"color: black; font-size: 16px; font-style: italic;\">\u201cUm <span style=\"color: #ff6603 !important;\"><strong>black start<\/strong><\/span> \u00e9 o processo pelo qual se restabelece o fornecimento el\u00e9trico a partir de centrais que n\u00e3o dependem da energia da rede para arrancar. Estas unidades conseguem gerar eletricidade de forma aut\u00f3noma, permitindo reativar gradualmente o sistema el\u00e9trico.\u201d<\/p>\n<\/blockquote>\n<p>&nbsp;<\/p>\n<p>No caso do apag\u00e3o ib\u00e9rico, esse arranque foi poss\u00edvel atrav\u00e9s de fontes hidroel\u00e9tricas e centrais a g\u00e1s. Em Portugal, foram ativadas duas unidades com capacidade de arranque aut\u00f3nomo: a central hidroel\u00e9trica de Castelo do Bode e a central de ciclo combinado da Tapada do Outeiro, que utiliza g\u00e1s natural.<\/p>\n<p>&nbsp;<\/p>\n<h2 style=\"font-weight: 400;\">Desafios para os Trabalhadores e Emprego<\/h2>\n<p><span style=\"font-weight: 400;\">O apag\u00e3o interrompeu os fluxos de trabalho em todos os setores. Trabalhadores remotos perderam acesso a ferramentas como o Slack e o Google Workspace, com projetos em pausa e prazos a derraparem. Escrit\u00f3rios e call centers encerraram mais cedo, e os sistemas de controlo de horas e processamento salarial ficaram sob press\u00e3o.<\/span><\/p>\n<p>&nbsp;<\/p>\n<p><span style=\"font-weight: 400;\">Trabalhadores independentes, como motoristas da Uber Eats e da Glovo, perderam um dia inteiro de rendimentos devido \u00e0 falha das aplica\u00e7\u00f5es. Profissionais em plataformas como a Upwork ficaram impossibilitados de <\/span><span style=\"font-weight: 400;\">registar o tempo<\/span><span style=\"font-weight: 400;\">, arriscando-se a perder pagamento. Escolas e universidades suspenderam as aulas, afetando milhares de funcion\u00e1rios e estudantes.<\/span><\/p>\n<p>&nbsp;<\/p>\n<p><span style=\"font-weight: 400;\">Para evitar o caos no futuro, as empresas est\u00e3o agora a ser incentivadas a investir em sistemas UPS (fontes de alimenta\u00e7\u00e3o ininterrupta), software de controlo de horas com capacidade offline e protocolos para lidar com interrup\u00e7\u00f5es no trabalho. Formar as equipas para lidar com <a href=\"https:\/\/www.jibble.io\/pt-br\/software-rastreador-horas-offline\">fluxos de trabalho offline<\/a>, criar canais de comunica\u00e7\u00e3o alternativos e desenvolver planos de conting\u00eancia para apag\u00f5es s\u00e3o passos essenciais para minimizar perdas de produtividade durante falhas de energia.<\/span><\/p>\n<p>&nbsp;<\/p>\n<h2 style=\"font-weight: 400;\">Conclus\u00e3o<\/h2>\n<p><span style=\"font-weight: 400;\">O apag\u00e3o de abril revelou fragilidades graves na economia digital europeia. \u00c0 medida que a depend\u00eancia da tecnologia aumenta, empresas e governos devem dar prioridade ao planeamento de resili\u00eancia para garantir a continuidade das opera\u00e7\u00f5es perante futuras perturba\u00e7\u00f5es.<\/span><\/p>\n<p>&nbsp;<\/p>\n<p><span style=\"font-weight: 400;\">Os governos de Espanha e Portugal lan\u00e7aram uma for\u00e7a-tarefa conjunta com parceiros da UE para investigar o apag\u00e3o e refor\u00e7ar a seguran\u00e7a da rede el\u00e9trica. Ambos reafirmaram o seu compromisso com as energias renov\u00e1veis, juntamente com planos para atualiza\u00e7\u00f5es cr\u00edticas da rede.<\/span><\/p>\n<p>&nbsp;<\/p>\n<p><span style=\"font-weight: 400;\">Enquanto os governos se focam na melhoria das infraestruturas, a principal li\u00e7\u00e3o para as empresas \u00e9 clara: a resili\u00eancia deve ser incorporada nas opera\u00e7\u00f5es do dia a dia. Adotar pr\u00e1ticas que salvaguardem a produtividade durante falhas de energia \u00e9 essencial para garantir a estabilidade a longo prazo.<\/span><\/p>\n<p>&nbsp;<\/p>\n<blockquote><p>Artigos Relacionados:<\/p>\n<p><a href=\"https:\/\/www.jibble.io\/pt-br\/artigos\/ferramentas-trabalhar-em-casa\">Trabalhar a Partir de Casa: Ferramentas Essenciais<\/a><\/p>\n<p><a href=\"https:\/\/www.jibble.io\/pt-br\/artigos\/melhores-praticas-controle-tempo\">As 26 Melhores Pr\u00e1ticas de Controlo de Tempo para Melhorar a Produtividade<\/a><\/p>\n<p><a href=\"https:\/\/www.jibble.io\/pt-br\/artigos\/estrategias-gerenciamento-ambiente-trabalho-hibrido\" target=\"_blank\" rel=\"noopener\">6 Estrat\u00e9gias para Melhorar a Gest\u00e3o de um Ambiente de Trabalho H\u00edbrido<\/a><\/p>\n<p><a href=\"https:\/\/www.jibble.io\/pt-br\/artigos\/retorno-ao-escritorio\" target=\"_blank\" rel=\"noopener\">Regresso ao Escrit\u00f3rio: Pr\u00f3s, Contras e Principais Estrat\u00e9gias para o Sucesso<\/a><\/p>\n<p><a href=\"https:\/\/www.jibble.io\/pt-br\/artigos\/dicas-gestao-tempo-freelancer\" target=\"_blank\" rel=\"noopener\">6 Dicas de Gest\u00e3o de Tempo para Freelancers<\/a><\/p><\/blockquote>\n<p>&nbsp;<\/p>\n","protected":false},"author":77,"featured_media":276089,"parent":0,"menu_order":0,"template":"","meta":{"_acf_changed":false,"footnotes":""},"news_category":[1235],"class_list":["post-274709","news","type-news","status-publish","has-post-thumbnail","hentry","news_category-mundo"],"acf":[],"yoast_head":"<!-- This site is optimized with the Yoast SEO Premium plugin v26.8 (Yoast SEO v26.8) - https:\/\/yoast.com\/product\/yoast-seo-premium-wordpress\/ -->\n<title>O apag\u00e3o europeu interrompe a produtividade das empresas<\/title>\n<meta name=\"description\" content=\"O apag\u00e3o em Portugal, Espanha e Fran\u00e7a afeta gravemente opera\u00e7\u00f5es comerciais, a produtividade geral e coloca milh\u00f5es de pessoas na escurid\u00e3o.\" \/>\n<meta name=\"robots\" content=\"index, follow, max-snippet:-1, max-image-preview:large, max-video-preview:-1\" \/>\n<link rel=\"canonical\" href=\"https:\/\/www.jibble.io\/pt-br\/noticias\/o-apagao-europeu-interrompe-a-produtividade-das-empresas\" \/>\n<meta property=\"og:locale\" content=\"pt_BR\" \/>\n<meta property=\"og:type\" content=\"article\" \/>\n<meta property=\"og:title\" content=\"O apag\u00e3o europeu interrompe a produtividade das empresas\" \/>\n<meta property=\"og:description\" content=\"O apag\u00e3o em Portugal, Espanha e Fran\u00e7a afeta gravemente opera\u00e7\u00f5es comerciais, a produtividade geral e coloca milh\u00f5es de pessoas na escurid\u00e3o.\" \/>\n<meta property=\"og:url\" content=\"https:\/\/www.jibble.io\/pt-br\/noticias\/o-apagao-europeu-interrompe-a-produtividade-das-empresas\" \/>\n<meta property=\"og:site_name\" content=\"Jibble\" \/>\n<meta property=\"article:modified_time\" content=\"2025-06-12T07:42:37+00:00\" \/>\n<meta property=\"og:image\" content=\"https:\/\/www.jibble.io\/wp-content\/uploads\/2025\/05\/alice-kotlyarenko-n4sjEVninD4-unsplash-768x512_PTBR.webp\" \/>\n\t<meta property=\"og:image:width\" content=\"768\" \/>\n\t<meta property=\"og:image:height\" content=\"512\" \/>\n\t<meta property=\"og:image:type\" content=\"image\/jpeg\" \/>\n<meta name=\"twitter:card\" content=\"summary_large_image\" \/>\n<meta name=\"twitter:label1\" content=\"Est. tempo de leitura\" \/>\n\t<meta name=\"twitter:data1\" content=\"4 minutos\" \/>\n<script type=\"application\/ld+json\" class=\"yoast-schema-graph\">{\"@context\":\"https:\/\/schema.org\",\"@graph\":[{\"@type\":\"NewsArticle\",\"@id\":\"https:\/\/www.jibble.io\/pt-br\/noticias\/o-apagao-europeu-interrompe-a-produtividade-das-empresas#article\",\"isPartOf\":{\"@id\":\"https:\/\/www.jibble.io\/pt-br\/noticias\/o-apagao-europeu-interrompe-a-produtividade-das-empresas\"},\"author\":{\"name\":\"Jennifer Blair\",\"@id\":\"https:\/\/www.jibble.io\/pt-br#\/schema\/person\/459d1f478476aa66f3a6c02e9fc7ae11\"},\"headline\":\"O apag\u00e3o europeu interrompe a produtividade das empresas\",\"datePublished\":\"2025-05-21T07:56:11+00:00\",\"dateModified\":\"2025-06-12T07:42:37+00:00\",\"mainEntityOfPage\":{\"@id\":\"https:\/\/www.jibble.io\/pt-br\/noticias\/o-apagao-europeu-interrompe-a-produtividade-das-empresas\"},\"wordCount\":924,\"publisher\":{\"@id\":\"https:\/\/www.jibble.io\/pt-br#organization\"},\"image\":{\"@id\":\"https:\/\/www.jibble.io\/pt-br\/noticias\/o-apagao-europeu-interrompe-a-produtividade-das-empresas#primaryimage\"},\"thumbnailUrl\":\"https:\/\/www.jibble.io\/wp-content\/uploads\/2025\/05\/alice-kotlyarenko-n4sjEVninD4-unsplash-768x512_PTBR.webp\",\"inLanguage\":\"pt-BR\"},{\"@type\":\"WebPage\",\"@id\":\"https:\/\/www.jibble.io\/pt-br\/noticias\/o-apagao-europeu-interrompe-a-produtividade-das-empresas\",\"url\":\"https:\/\/www.jibble.io\/pt-br\/noticias\/o-apagao-europeu-interrompe-a-produtividade-das-empresas\",\"name\":\"O apag\u00e3o europeu interrompe a produtividade das empresas\",\"isPartOf\":{\"@id\":\"https:\/\/www.jibble.io\/pt-br#website\"},\"primaryImageOfPage\":{\"@id\":\"https:\/\/www.jibble.io\/pt-br\/noticias\/o-apagao-europeu-interrompe-a-produtividade-das-empresas#primaryimage\"},\"image\":{\"@id\":\"https:\/\/www.jibble.io\/pt-br\/noticias\/o-apagao-europeu-interrompe-a-produtividade-das-empresas#primaryimage\"},\"thumbnailUrl\":\"https:\/\/www.jibble.io\/wp-content\/uploads\/2025\/05\/alice-kotlyarenko-n4sjEVninD4-unsplash-768x512_PTBR.webp\",\"datePublished\":\"2025-05-21T07:56:11+00:00\",\"dateModified\":\"2025-06-12T07:42:37+00:00\",\"description\":\"O apag\u00e3o em Portugal, Espanha e Fran\u00e7a afeta gravemente opera\u00e7\u00f5es comerciais, a produtividade geral e coloca milh\u00f5es de pessoas na escurid\u00e3o.\",\"inLanguage\":\"pt-BR\",\"potentialAction\":[{\"@type\":\"ReadAction\",\"target\":[\"https:\/\/www.jibble.io\/pt-br\/noticias\/o-apagao-europeu-interrompe-a-produtividade-das-empresas\"]}]},{\"@type\":\"ImageObject\",\"inLanguage\":\"pt-BR\",\"@id\":\"https:\/\/www.jibble.io\/pt-br\/noticias\/o-apagao-europeu-interrompe-a-produtividade-das-empresas#primaryimage\",\"url\":\"https:\/\/www.jibble.io\/wp-content\/uploads\/2025\/05\/alice-kotlyarenko-n4sjEVninD4-unsplash-768x512_PTBR.webp\",\"contentUrl\":\"https:\/\/www.jibble.io\/wp-content\/uploads\/2025\/05\/alice-kotlyarenko-n4sjEVninD4-unsplash-768x512_PTBR.webp\",\"width\":768,\"height\":512,\"caption\":\"Foto por Alice Kotlyarenko no Unsplash\"},{\"@type\":\"WebSite\",\"@id\":\"https:\/\/www.jibble.io\/pt-br#website\",\"url\":\"https:\/\/www.jibble.io\/pt-br\",\"name\":\"Jibble\",\"description\":\"Meet the new standard in time tracking software\",\"publisher\":{\"@id\":\"https:\/\/www.jibble.io\/pt-br#organization\"},\"potentialAction\":[{\"@type\":\"SearchAction\",\"target\":{\"@type\":\"EntryPoint\",\"urlTemplate\":\"https:\/\/www.jibble.io\/pt-br?s={search_term_string}\"},\"query-input\":{\"@type\":\"PropertyValueSpecification\",\"valueRequired\":true,\"valueName\":\"search_term_string\"}}],\"inLanguage\":\"pt-BR\"},{\"@type\":\"Organization\",\"@id\":\"https:\/\/www.jibble.io\/pt-br#organization\",\"name\":\"Jibble\",\"url\":\"https:\/\/www.jibble.io\/pt-br\",\"logo\":{\"@type\":\"ImageObject\",\"inLanguage\":\"pt-BR\",\"@id\":\"https:\/\/www.jibble.io\/pt-br#\/schema\/logo\/image\/\",\"url\":\"https:\/\/www.jibble.io\/wp-content\/uploads\/2022\/05\/Original-copy-923x1024.png\",\"contentUrl\":\"https:\/\/www.jibble.io\/wp-content\/uploads\/2022\/05\/Original-copy-923x1024.png\",\"width\":\"923\",\"height\":\"1024\",\"caption\":\"Jibble\"},\"image\":{\"@id\":\"https:\/\/www.jibble.io\/pt-br#\/schema\/logo\/image\/\"},\"sameAs\":[\"https:\/\/www.linkedin.com\/company\/jibble\/\"]},{\"@type\":\"Person\",\"@id\":\"https:\/\/www.jibble.io\/pt-br#\/schema\/person\/459d1f478476aa66f3a6c02e9fc7ae11\",\"name\":\"Jennifer Blair\",\"image\":{\"@type\":\"ImageObject\",\"inLanguage\":\"pt-BR\",\"@id\":\"https:\/\/www.jibble.io\/pt-br#\/schema\/person\/image\/\",\"url\":\"https:\/\/secure.gravatar.com\/avatar\/5a23d92ddb7d8193867abfdff5ef5599?s=96&d=mm&r=g\",\"contentUrl\":\"https:\/\/secure.gravatar.com\/avatar\/5a23d92ddb7d8193867abfdff5ef5599?s=96&d=mm&r=g\",\"caption\":\"Jennifer Blair\"}}]}<\/script>\n<!-- \/ Yoast SEO Premium plugin. -->","yoast_head_json":{"title":"O apag\u00e3o europeu interrompe a produtividade das empresas","description":"O apag\u00e3o em Portugal, Espanha e Fran\u00e7a afeta gravemente opera\u00e7\u00f5es comerciais, a produtividade geral e coloca milh\u00f5es de pessoas na escurid\u00e3o.","robots":{"index":"index","follow":"follow","max-snippet":"max-snippet:-1","max-image-preview":"max-image-preview:large","max-video-preview":"max-video-preview:-1"},"canonical":"https:\/\/www.jibble.io\/pt-br\/noticias\/o-apagao-europeu-interrompe-a-produtividade-das-empresas","og_locale":"pt_BR","og_type":"article","og_title":"O apag\u00e3o europeu interrompe a produtividade das empresas","og_description":"O apag\u00e3o em Portugal, Espanha e Fran\u00e7a afeta gravemente opera\u00e7\u00f5es comerciais, a produtividade geral e coloca milh\u00f5es de pessoas na escurid\u00e3o.","og_url":"https:\/\/www.jibble.io\/pt-br\/noticias\/o-apagao-europeu-interrompe-a-produtividade-das-empresas","og_site_name":"Jibble","article_modified_time":"2025-06-12T07:42:37+00:00","og_image":[{"width":768,"height":512,"url":"https:\/\/www.jibble.io\/wp-content\/uploads\/2025\/05\/alice-kotlyarenko-n4sjEVninD4-unsplash-768x512_PTBR.webp","type":"image\/jpeg"}],"twitter_card":"summary_large_image","twitter_misc":{"Est. tempo de leitura":"4 minutos"},"schema":{"@context":"https:\/\/schema.org","@graph":[{"@type":"NewsArticle","@id":"https:\/\/www.jibble.io\/pt-br\/noticias\/o-apagao-europeu-interrompe-a-produtividade-das-empresas#article","isPartOf":{"@id":"https:\/\/www.jibble.io\/pt-br\/noticias\/o-apagao-europeu-interrompe-a-produtividade-das-empresas"},"author":{"name":"Jennifer Blair","@id":"https:\/\/www.jibble.io\/pt-br#\/schema\/person\/459d1f478476aa66f3a6c02e9fc7ae11"},"headline":"O apag\u00e3o europeu interrompe a produtividade das empresas","datePublished":"2025-05-21T07:56:11+00:00","dateModified":"2025-06-12T07:42:37+00:00","mainEntityOfPage":{"@id":"https:\/\/www.jibble.io\/pt-br\/noticias\/o-apagao-europeu-interrompe-a-produtividade-das-empresas"},"wordCount":924,"publisher":{"@id":"https:\/\/www.jibble.io\/pt-br#organization"},"image":{"@id":"https:\/\/www.jibble.io\/pt-br\/noticias\/o-apagao-europeu-interrompe-a-produtividade-das-empresas#primaryimage"},"thumbnailUrl":"https:\/\/www.jibble.io\/wp-content\/uploads\/2025\/05\/alice-kotlyarenko-n4sjEVninD4-unsplash-768x512_PTBR.webp","inLanguage":"pt-BR"},{"@type":"WebPage","@id":"https:\/\/www.jibble.io\/pt-br\/noticias\/o-apagao-europeu-interrompe-a-produtividade-das-empresas","url":"https:\/\/www.jibble.io\/pt-br\/noticias\/o-apagao-europeu-interrompe-a-produtividade-das-empresas","name":"O apag\u00e3o europeu interrompe a produtividade das empresas","isPartOf":{"@id":"https:\/\/www.jibble.io\/pt-br#website"},"primaryImageOfPage":{"@id":"https:\/\/www.jibble.io\/pt-br\/noticias\/o-apagao-europeu-interrompe-a-produtividade-das-empresas#primaryimage"},"image":{"@id":"https:\/\/www.jibble.io\/pt-br\/noticias\/o-apagao-europeu-interrompe-a-produtividade-das-empresas#primaryimage"},"thumbnailUrl":"https:\/\/www.jibble.io\/wp-content\/uploads\/2025\/05\/alice-kotlyarenko-n4sjEVninD4-unsplash-768x512_PTBR.webp","datePublished":"2025-05-21T07:56:11+00:00","dateModified":"2025-06-12T07:42:37+00:00","description":"O apag\u00e3o em Portugal, Espanha e Fran\u00e7a afeta gravemente opera\u00e7\u00f5es comerciais, a produtividade geral e coloca milh\u00f5es de pessoas na escurid\u00e3o.","inLanguage":"pt-BR","potentialAction":[{"@type":"ReadAction","target":["https:\/\/www.jibble.io\/pt-br\/noticias\/o-apagao-europeu-interrompe-a-produtividade-das-empresas"]}]},{"@type":"ImageObject","inLanguage":"pt-BR","@id":"https:\/\/www.jibble.io\/pt-br\/noticias\/o-apagao-europeu-interrompe-a-produtividade-das-empresas#primaryimage","url":"https:\/\/www.jibble.io\/wp-content\/uploads\/2025\/05\/alice-kotlyarenko-n4sjEVninD4-unsplash-768x512_PTBR.webp","contentUrl":"https:\/\/www.jibble.io\/wp-content\/uploads\/2025\/05\/alice-kotlyarenko-n4sjEVninD4-unsplash-768x512_PTBR.webp","width":768,"height":512,"caption":"Foto por Alice Kotlyarenko no Unsplash"},{"@type":"WebSite","@id":"https:\/\/www.jibble.io\/pt-br#website","url":"https:\/\/www.jibble.io\/pt-br","name":"Jibble","description":"Meet the new standard in time tracking software","publisher":{"@id":"https:\/\/www.jibble.io\/pt-br#organization"},"potentialAction":[{"@type":"SearchAction","target":{"@type":"EntryPoint","urlTemplate":"https:\/\/www.jibble.io\/pt-br?s={search_term_string}"},"query-input":{"@type":"PropertyValueSpecification","valueRequired":true,"valueName":"search_term_string"}}],"inLanguage":"pt-BR"},{"@type":"Organization","@id":"https:\/\/www.jibble.io\/pt-br#organization","name":"Jibble","url":"https:\/\/www.jibble.io\/pt-br","logo":{"@type":"ImageObject","inLanguage":"pt-BR","@id":"https:\/\/www.jibble.io\/pt-br#\/schema\/logo\/image\/","url":"https:\/\/www.jibble.io\/wp-content\/uploads\/2022\/05\/Original-copy-923x1024.png","contentUrl":"https:\/\/www.jibble.io\/wp-content\/uploads\/2022\/05\/Original-copy-923x1024.png","width":"923","height":"1024","caption":"Jibble"},"image":{"@id":"https:\/\/www.jibble.io\/pt-br#\/schema\/logo\/image\/"},"sameAs":["https:\/\/www.linkedin.com\/company\/jibble\/"]},{"@type":"Person","@id":"https:\/\/www.jibble.io\/pt-br#\/schema\/person\/459d1f478476aa66f3a6c02e9fc7ae11","name":"Jennifer Blair","image":{"@type":"ImageObject","inLanguage":"pt-BR","@id":"https:\/\/www.jibble.io\/pt-br#\/schema\/person\/image\/","url":"https:\/\/secure.gravatar.com\/avatar\/5a23d92ddb7d8193867abfdff5ef5599?s=96&d=mm&r=g","contentUrl":"https:\/\/secure.gravatar.com\/avatar\/5a23d92ddb7d8193867abfdff5ef5599?s=96&d=mm&r=g","caption":"Jennifer Blair"}}]}},"_links":{"self":[{"href":"https:\/\/www.jibble.io\/pt-br\/wp-json\/wp\/v2\/news\/274709","targetHints":{"allow":["GET"]}}],"collection":[{"href":"https:\/\/www.jibble.io\/pt-br\/wp-json\/wp\/v2\/news"}],"about":[{"href":"https:\/\/www.jibble.io\/pt-br\/wp-json\/wp\/v2\/types\/news"}],"author":[{"embeddable":true,"href":"https:\/\/www.jibble.io\/pt-br\/wp-json\/wp\/v2\/users\/77"}],"version-history":[{"count":3,"href":"https:\/\/www.jibble.io\/pt-br\/wp-json\/wp\/v2\/news\/274709\/revisions"}],"predecessor-version":[{"id":283404,"href":"https:\/\/www.jibble.io\/pt-br\/wp-json\/wp\/v2\/news\/274709\/revisions\/283404"}],"wp:featuredmedia":[{"embeddable":true,"href":"https:\/\/www.jibble.io\/pt-br\/wp-json\/wp\/v2\/media\/276089"}],"wp:attachment":[{"href":"https:\/\/www.jibble.io\/pt-br\/wp-json\/wp\/v2\/media?parent=274709"}],"wp:term":[{"taxonomy":"news_category","embeddable":true,"href":"https:\/\/www.jibble.io\/pt-br\/wp-json\/wp\/v2\/news_category?post=274709"}],"curies":[{"name":"wp","href":"https:\/\/api.w.org\/{rel}","templated":true}]}}