{"id":273020,"date":"2025-05-08T20:07:21","date_gmt":"2025-05-08T19:07:21","guid":{"rendered":"https:\/\/www.jibble.io\/news\/european-blackout-productivity"},"modified":"2025-06-22T20:08:45","modified_gmt":"2025-06-22T19:08:45","slug":"reducao-jornada-trabalho","status":"publish","type":"news","link":"https:\/\/www.jibble.io\/pt-br\/noticias\/reducao-jornada-trabalho","title":{"rendered":"Ministro do Trabalho defende redu\u00e7\u00e3o da jornada de trabalho para 40h"},"content":{"rendered":"<p>O ministro do Trabalho e Emprego do Brasil, Luiz Marinho, defendeu a redu\u00e7\u00e3o da jornada de trabalho de 44 para 40 horas semanais durante uma audi\u00eancia na Comiss\u00e3o do Trabalho da C\u00e2mara dos Deputados, em Bras\u00edlia, no dia 7 de maio de 2025, segundo o site oficial do governo federal.<\/p>\n<p>&nbsp;<\/p>\n<p>A proposta pretende abrir espa\u00e7o para um di\u00e1logo equilibrado entre governo, empregadores e trabalhadores, visando ajustar o regime laboral sem comprometer a produtividade ou o equil\u00edbrio econ\u00f4mico.<\/p>\n<p>&nbsp;<\/p>\n<p>Durante a audi\u00eancia, Marinho afirmou que o pa\u00eds est\u00e1 \u201cmaduro\u201d para essa mudan\u00e7a e destacou a import\u00e2ncia de uma transi\u00e7\u00e3o gradual e negociada. O ministro tamb\u00e9m comentou o tema no programa <em>Bom Dia, Ministro<\/em>, do Canal Gov, onde declarou: \u201cEu n\u00e3o vejo resist\u00eancia do empresariado em reduzir a jornada m\u00e1xima\u201d.<\/p>\n<p>&nbsp;<\/p>\n<p>O debate foi conduzido pelo deputado L\u00e9o Prates e contou com a participa\u00e7\u00e3o da deputada Erika Hilton, presidente da subcomiss\u00e3o especial que discute o fim da escala 6&#215;1, e do deputado Luiz Gast\u00e3o, relator da proposta.<\/p>\n<p>&nbsp;<\/p>\n<blockquote>\n<p style=\"color: black; font-size: 16px; font-style: italic;\">A <span style=\"color: #ff6603 !important;\"><strong>escala 6&#215;1<\/strong><\/span> \u00e9 um regime de trabalho onde o trabalhador presta servi\u00e7o durante seis dias consecutivos e tem somente um dia de descanso. \u00c9 comum em setores que exigem trabalho constante, como o com\u00e9rcio, a ind\u00fastria e servi\u00e7os essenciais.<\/p>\n<\/blockquote>\n<p>&nbsp;<\/p>\n<h2 style=\"font-weight: 400;\">O que est\u00e1 em jogo com a redu\u00e7\u00e3o da jornada de trabalho?<\/h2>\n<p>A redu\u00e7\u00e3o da jornada de trabalho poder\u00e1 ter efeitos significativos na sa\u00fade mental, qualidade de vida dos trabalhadores e na estrutura organizacional das empresas. Para o ministro, ambientes de trabalho menos exaustivos contribuem para o aumento da produtividade e para o bem-estar geral da for\u00e7a de trabalho.<\/p>\n<p>&nbsp;<\/p>\n<p>A proposta tamb\u00e9m tem impacto direto sobre o modelo de escala 6&#215;1, que atualmente exige seis dias consecutivos de trabalho seguidos por apenas um de descanso. Esse formato, muito comum em setores como o com\u00e9rcio, a ind\u00fastria e os servi\u00e7os essenciais, foi classificado por Marinho como \u201ccruel\u201d, especialmente para as mulheres.<\/p>\n<p>&nbsp;<\/p>\n<p>Uma nova jornada semanal poderia abrir caminho para um modelo mais equilibrado e sustent\u00e1vel.<\/p>\n<p>&nbsp;<\/p>\n<h2 style=\"font-weight: 400;\">Implica\u00e7\u00f5es legais e novas propostas<\/h2>\n<p>Como a redu\u00e7\u00e3o da jornada de trabalho exige altera\u00e7\u00f5es na Constitui\u00e7\u00e3o, qualquer avan\u00e7o depende de debate e aprova\u00e7\u00e3o no Congresso Nacional.<\/p>\n<p>&nbsp;<\/p>\n<p>Al\u00e9m disso, outro projeto de lei \u2014 apresentado pela deputada Daiana Santos \u2014 prop\u00f5e altera\u00e7\u00f5es na <a href=\"https:\/\/www.planalto.gov.br\/ccivil_03\/decreto-lei\/del5452.htm\" target=\"_blank\" rel=\"noopener\">Consolida\u00e7\u00e3o das Leis do Trabalho<\/a> (CLT), estabelecendo um limite de 40 horas semanais e pelo menos dois dias de descanso por semana.<\/p>\n<p>&nbsp;<\/p>\n<h2 style=\"font-weight: 400;\">Mais detalhes e pr\u00f3ximos passos na redu\u00e7\u00e3o da jornada de trabalho<\/h2>\n<p>Embora a ideia de reduzir a jornada de trabalho n\u00e3o seja nova, tentativas anteriores de implementar essa medida \u2014 como a proposta de redu\u00e7\u00e3o gradual de meia hora por ano \u2014 n\u00e3o avan\u00e7aram devido \u00e0 falta de consenso pol\u00edtico e econ\u00f4mico.<\/p>\n<p>&nbsp;<\/p>\n<p>Desta vez, a abordagem ser\u00e1 mais estruturada. A subcomiss\u00e3o especial, liderada por Erika Hilton, ir\u00e1 promover uma s\u00e9rie de audi\u00eancias p\u00fablicas com representantes dos trabalhadores, do setor empresarial e especialistas em direito laboral.<\/p>\n<p>&nbsp;<\/p>\n<blockquote><p><em>\u201cEsse ser\u00e1 um espa\u00e7o de constru\u00e7\u00e3o e para sanarmos as nossas d\u00favidas de forma coletiva\u201d, afirmou a deputada.<\/em><\/p><\/blockquote>\n<p>&nbsp;<\/p>\n<p>O relator Luiz Gast\u00e3o adiantou que ser\u00e1 elaborado um plano de trabalho com base nas contribui\u00e7\u00f5es recolhidas, permitindo aprofundar o debate t\u00e9cnico e social sobre a redu\u00e7\u00e3o da jornada de trabalho.<\/p>\n<p>&nbsp;<\/p>\n<blockquote><p><span style=\"font-weight: 400;\">Artigos Relacionados:<\/span><\/p>\n<p><a href=\"https:\/\/www.jibble.io\/pt-br\/leis-trabalhistas\/leis-trabalhistas-brasil\"><span style=\"font-weight: 400;\">Leis Trabalhistas do Brasil<\/span><\/a><\/p>\n<p><a href=\"https:\/\/www.jibble.io\/pt-br\/artigos\/o-que-significa-clt\"><span style=\"font-weight: 400;\">O Que \u00e9 CLT?<\/span><\/a><\/p>\n<p><a href=\"https:\/\/www.jibble.io\/pt-br\/artigos\/jornada-trabalho-brasil\"><span style=\"font-weight: 400;\">O Que \u00e9 e Como Funciona a Jornada de Trabalho no Brasil?<\/span><\/a><\/p>\n<p><a href=\"https:\/\/www.jibble.io\/pt-br\/leis-trabalhistas\/leis-trabalhistas-brasil\/horarios-flexiveis\"><span style=\"font-weight: 400;\">Hor\u00e1rios Flex\u00edveis: Como Funcionam e o Que a CLT Diz<\/span><\/a><\/p><\/blockquote>\n<p>&nbsp;<\/p>\n","protected":false},"author":77,"featured_media":274813,"parent":0,"menu_order":0,"template":"","meta":{"_acf_changed":false,"footnotes":""},"news_category":[1235,1243],"class_list":["post-273020","news","type-news","status-publish","has-post-thumbnail","hentry","news_category-mundo","news_category-tendencias-semana-trabalho"],"acf":[],"yoast_head":"<!-- This site is optimized with the Yoast SEO Premium plugin v26.8 (Yoast SEO v26.8) - https:\/\/yoast.com\/product\/yoast-seo-premium-wordpress\/ -->\n<title>Ministro do Trabalho defende redu\u00e7\u00e3o da jornada de trabalho<\/title>\n<meta name=\"description\" content=\"Ministro brasileiro defende a redu\u00e7\u00e3o da jornada de trabalho para 40 horas semanais para aumentar a produtividade e o bem-estar.\" \/>\n<meta name=\"robots\" content=\"index, follow, max-snippet:-1, max-image-preview:large, max-video-preview:-1\" \/>\n<link rel=\"canonical\" href=\"https:\/\/www.jibble.io\/pt-br\/noticias\/reducao-jornada-trabalho\" \/>\n<meta property=\"og:locale\" content=\"pt_BR\" \/>\n<meta property=\"og:type\" content=\"article\" \/>\n<meta property=\"og:title\" content=\"Ministro do Trabalho defende redu\u00e7\u00e3o da jornada de trabalho para 40h\" \/>\n<meta property=\"og:description\" content=\"Ministro brasileiro defende a redu\u00e7\u00e3o da jornada de trabalho para 40 horas semanais para aumentar a produtividade e o bem-estar.\" \/>\n<meta property=\"og:url\" content=\"https:\/\/www.jibble.io\/pt-br\/noticias\/reducao-jornada-trabalho\" \/>\n<meta property=\"og:site_name\" content=\"Jibble\" \/>\n<meta property=\"article:modified_time\" content=\"2025-06-22T19:08:45+00:00\" \/>\n<meta property=\"og:image\" content=\"https:\/\/www.jibble.io\/wp-content\/uploads\/2025\/05\/luiz_marinho_reducao_de_jornada.jpeg\" \/>\n\t<meta property=\"og:image:width\" content=\"768\" \/>\n\t<meta property=\"og:image:height\" content=\"511\" \/>\n\t<meta property=\"og:image:type\" content=\"image\/jpeg\" \/>\n<meta name=\"twitter:card\" content=\"summary_large_image\" \/>\n<meta name=\"twitter:label1\" content=\"Est. tempo de leitura\" \/>\n\t<meta name=\"twitter:data1\" content=\"3 minutos\" \/>\n<script type=\"application\/ld+json\" class=\"yoast-schema-graph\">{\"@context\":\"https:\/\/schema.org\",\"@graph\":[{\"@type\":\"NewsArticle\",\"@id\":\"https:\/\/www.jibble.io\/pt-br\/noticias\/reducao-jornada-trabalho#article\",\"isPartOf\":{\"@id\":\"https:\/\/www.jibble.io\/pt-br\/noticias\/reducao-jornada-trabalho\"},\"author\":{\"name\":\"Jennifer Blair\",\"@id\":\"https:\/\/www.jibble.io\/pt-br#\/schema\/person\/459d1f478476aa66f3a6c02e9fc7ae11\"},\"headline\":\"Ministro do Trabalho defende redu\u00e7\u00e3o da jornada de trabalho para 40h\",\"datePublished\":\"2025-05-08T19:07:21+00:00\",\"dateModified\":\"2025-06-22T19:08:45+00:00\",\"mainEntityOfPage\":{\"@id\":\"https:\/\/www.jibble.io\/pt-br\/noticias\/reducao-jornada-trabalho\"},\"wordCount\":636,\"publisher\":{\"@id\":\"https:\/\/www.jibble.io\/pt-br#organization\"},\"image\":{\"@id\":\"https:\/\/www.jibble.io\/pt-br\/noticias\/reducao-jornada-trabalho#primaryimage\"},\"thumbnailUrl\":\"https:\/\/www.jibble.io\/wp-content\/uploads\/2025\/05\/luiz_marinho_reducao_de_jornada.jpeg\",\"inLanguage\":\"pt-BR\"},{\"@type\":\"WebPage\",\"@id\":\"https:\/\/www.jibble.io\/pt-br\/noticias\/reducao-jornada-trabalho\",\"url\":\"https:\/\/www.jibble.io\/pt-br\/noticias\/reducao-jornada-trabalho\",\"name\":\"Ministro do Trabalho defende redu\u00e7\u00e3o da jornada de trabalho\",\"isPartOf\":{\"@id\":\"https:\/\/www.jibble.io\/pt-br#website\"},\"primaryImageOfPage\":{\"@id\":\"https:\/\/www.jibble.io\/pt-br\/noticias\/reducao-jornada-trabalho#primaryimage\"},\"image\":{\"@id\":\"https:\/\/www.jibble.io\/pt-br\/noticias\/reducao-jornada-trabalho#primaryimage\"},\"thumbnailUrl\":\"https:\/\/www.jibble.io\/wp-content\/uploads\/2025\/05\/luiz_marinho_reducao_de_jornada.jpeg\",\"datePublished\":\"2025-05-08T19:07:21+00:00\",\"dateModified\":\"2025-06-22T19:08:45+00:00\",\"description\":\"Ministro brasileiro defende a redu\u00e7\u00e3o da jornada de trabalho para 40 horas semanais para aumentar a produtividade e o bem-estar.\",\"inLanguage\":\"pt-BR\",\"potentialAction\":[{\"@type\":\"ReadAction\",\"target\":[\"https:\/\/www.jibble.io\/pt-br\/noticias\/reducao-jornada-trabalho\"]}]},{\"@type\":\"ImageObject\",\"inLanguage\":\"pt-BR\",\"@id\":\"https:\/\/www.jibble.io\/pt-br\/noticias\/reducao-jornada-trabalho#primaryimage\",\"url\":\"https:\/\/www.jibble.io\/wp-content\/uploads\/2025\/05\/luiz_marinho_reducao_de_jornada.jpeg\",\"contentUrl\":\"https:\/\/www.jibble.io\/wp-content\/uploads\/2025\/05\/luiz_marinho_reducao_de_jornada.jpeg\",\"width\":768,\"height\":511,\"caption\":\"Foto de Matheus Itacaramby em gov.br\"},{\"@type\":\"WebSite\",\"@id\":\"https:\/\/www.jibble.io\/pt-br#website\",\"url\":\"https:\/\/www.jibble.io\/pt-br\",\"name\":\"Jibble\",\"description\":\"Meet the new standard in time tracking software\",\"publisher\":{\"@id\":\"https:\/\/www.jibble.io\/pt-br#organization\"},\"potentialAction\":[{\"@type\":\"SearchAction\",\"target\":{\"@type\":\"EntryPoint\",\"urlTemplate\":\"https:\/\/www.jibble.io\/pt-br?s={search_term_string}\"},\"query-input\":{\"@type\":\"PropertyValueSpecification\",\"valueRequired\":true,\"valueName\":\"search_term_string\"}}],\"inLanguage\":\"pt-BR\"},{\"@type\":\"Organization\",\"@id\":\"https:\/\/www.jibble.io\/pt-br#organization\",\"name\":\"Jibble\",\"url\":\"https:\/\/www.jibble.io\/pt-br\",\"logo\":{\"@type\":\"ImageObject\",\"inLanguage\":\"pt-BR\",\"@id\":\"https:\/\/www.jibble.io\/pt-br#\/schema\/logo\/image\/\",\"url\":\"https:\/\/www.jibble.io\/wp-content\/uploads\/2022\/05\/Original-copy-923x1024.png\",\"contentUrl\":\"https:\/\/www.jibble.io\/wp-content\/uploads\/2022\/05\/Original-copy-923x1024.png\",\"width\":\"923\",\"height\":\"1024\",\"caption\":\"Jibble\"},\"image\":{\"@id\":\"https:\/\/www.jibble.io\/pt-br#\/schema\/logo\/image\/\"},\"sameAs\":[\"https:\/\/www.linkedin.com\/company\/jibble\/\"]},{\"@type\":\"Person\",\"@id\":\"https:\/\/www.jibble.io\/pt-br#\/schema\/person\/459d1f478476aa66f3a6c02e9fc7ae11\",\"name\":\"Jennifer Blair\",\"image\":{\"@type\":\"ImageObject\",\"inLanguage\":\"pt-BR\",\"@id\":\"https:\/\/www.jibble.io\/pt-br#\/schema\/person\/image\/\",\"url\":\"https:\/\/secure.gravatar.com\/avatar\/5a23d92ddb7d8193867abfdff5ef5599?s=96&d=mm&r=g\",\"contentUrl\":\"https:\/\/secure.gravatar.com\/avatar\/5a23d92ddb7d8193867abfdff5ef5599?s=96&d=mm&r=g\",\"caption\":\"Jennifer Blair\"}}]}<\/script>\n<!-- \/ Yoast SEO Premium plugin. -->","yoast_head_json":{"title":"Ministro do Trabalho defende redu\u00e7\u00e3o da jornada de trabalho","description":"Ministro brasileiro defende a redu\u00e7\u00e3o da jornada de trabalho para 40 horas semanais para aumentar a produtividade e o bem-estar.","robots":{"index":"index","follow":"follow","max-snippet":"max-snippet:-1","max-image-preview":"max-image-preview:large","max-video-preview":"max-video-preview:-1"},"canonical":"https:\/\/www.jibble.io\/pt-br\/noticias\/reducao-jornada-trabalho","og_locale":"pt_BR","og_type":"article","og_title":"Ministro do Trabalho defende redu\u00e7\u00e3o da jornada de trabalho para 40h","og_description":"Ministro brasileiro defende a redu\u00e7\u00e3o da jornada de trabalho para 40 horas semanais para aumentar a produtividade e o bem-estar.","og_url":"https:\/\/www.jibble.io\/pt-br\/noticias\/reducao-jornada-trabalho","og_site_name":"Jibble","article_modified_time":"2025-06-22T19:08:45+00:00","og_image":[{"width":768,"height":511,"url":"https:\/\/www.jibble.io\/wp-content\/uploads\/2025\/05\/luiz_marinho_reducao_de_jornada.jpeg","type":"image\/jpeg"}],"twitter_card":"summary_large_image","twitter_misc":{"Est. tempo de leitura":"3 minutos"},"schema":{"@context":"https:\/\/schema.org","@graph":[{"@type":"NewsArticle","@id":"https:\/\/www.jibble.io\/pt-br\/noticias\/reducao-jornada-trabalho#article","isPartOf":{"@id":"https:\/\/www.jibble.io\/pt-br\/noticias\/reducao-jornada-trabalho"},"author":{"name":"Jennifer Blair","@id":"https:\/\/www.jibble.io\/pt-br#\/schema\/person\/459d1f478476aa66f3a6c02e9fc7ae11"},"headline":"Ministro do Trabalho defende redu\u00e7\u00e3o da jornada de trabalho para 40h","datePublished":"2025-05-08T19:07:21+00:00","dateModified":"2025-06-22T19:08:45+00:00","mainEntityOfPage":{"@id":"https:\/\/www.jibble.io\/pt-br\/noticias\/reducao-jornada-trabalho"},"wordCount":636,"publisher":{"@id":"https:\/\/www.jibble.io\/pt-br#organization"},"image":{"@id":"https:\/\/www.jibble.io\/pt-br\/noticias\/reducao-jornada-trabalho#primaryimage"},"thumbnailUrl":"https:\/\/www.jibble.io\/wp-content\/uploads\/2025\/05\/luiz_marinho_reducao_de_jornada.jpeg","inLanguage":"pt-BR"},{"@type":"WebPage","@id":"https:\/\/www.jibble.io\/pt-br\/noticias\/reducao-jornada-trabalho","url":"https:\/\/www.jibble.io\/pt-br\/noticias\/reducao-jornada-trabalho","name":"Ministro do Trabalho defende redu\u00e7\u00e3o da jornada de trabalho","isPartOf":{"@id":"https:\/\/www.jibble.io\/pt-br#website"},"primaryImageOfPage":{"@id":"https:\/\/www.jibble.io\/pt-br\/noticias\/reducao-jornada-trabalho#primaryimage"},"image":{"@id":"https:\/\/www.jibble.io\/pt-br\/noticias\/reducao-jornada-trabalho#primaryimage"},"thumbnailUrl":"https:\/\/www.jibble.io\/wp-content\/uploads\/2025\/05\/luiz_marinho_reducao_de_jornada.jpeg","datePublished":"2025-05-08T19:07:21+00:00","dateModified":"2025-06-22T19:08:45+00:00","description":"Ministro brasileiro defende a redu\u00e7\u00e3o da jornada de trabalho para 40 horas semanais para aumentar a produtividade e o bem-estar.","inLanguage":"pt-BR","potentialAction":[{"@type":"ReadAction","target":["https:\/\/www.jibble.io\/pt-br\/noticias\/reducao-jornada-trabalho"]}]},{"@type":"ImageObject","inLanguage":"pt-BR","@id":"https:\/\/www.jibble.io\/pt-br\/noticias\/reducao-jornada-trabalho#primaryimage","url":"https:\/\/www.jibble.io\/wp-content\/uploads\/2025\/05\/luiz_marinho_reducao_de_jornada.jpeg","contentUrl":"https:\/\/www.jibble.io\/wp-content\/uploads\/2025\/05\/luiz_marinho_reducao_de_jornada.jpeg","width":768,"height":511,"caption":"Foto de Matheus Itacaramby em gov.br"},{"@type":"WebSite","@id":"https:\/\/www.jibble.io\/pt-br#website","url":"https:\/\/www.jibble.io\/pt-br","name":"Jibble","description":"Meet the new standard in time tracking software","publisher":{"@id":"https:\/\/www.jibble.io\/pt-br#organization"},"potentialAction":[{"@type":"SearchAction","target":{"@type":"EntryPoint","urlTemplate":"https:\/\/www.jibble.io\/pt-br?s={search_term_string}"},"query-input":{"@type":"PropertyValueSpecification","valueRequired":true,"valueName":"search_term_string"}}],"inLanguage":"pt-BR"},{"@type":"Organization","@id":"https:\/\/www.jibble.io\/pt-br#organization","name":"Jibble","url":"https:\/\/www.jibble.io\/pt-br","logo":{"@type":"ImageObject","inLanguage":"pt-BR","@id":"https:\/\/www.jibble.io\/pt-br#\/schema\/logo\/image\/","url":"https:\/\/www.jibble.io\/wp-content\/uploads\/2022\/05\/Original-copy-923x1024.png","contentUrl":"https:\/\/www.jibble.io\/wp-content\/uploads\/2022\/05\/Original-copy-923x1024.png","width":"923","height":"1024","caption":"Jibble"},"image":{"@id":"https:\/\/www.jibble.io\/pt-br#\/schema\/logo\/image\/"},"sameAs":["https:\/\/www.linkedin.com\/company\/jibble\/"]},{"@type":"Person","@id":"https:\/\/www.jibble.io\/pt-br#\/schema\/person\/459d1f478476aa66f3a6c02e9fc7ae11","name":"Jennifer Blair","image":{"@type":"ImageObject","inLanguage":"pt-BR","@id":"https:\/\/www.jibble.io\/pt-br#\/schema\/person\/image\/","url":"https:\/\/secure.gravatar.com\/avatar\/5a23d92ddb7d8193867abfdff5ef5599?s=96&d=mm&r=g","contentUrl":"https:\/\/secure.gravatar.com\/avatar\/5a23d92ddb7d8193867abfdff5ef5599?s=96&d=mm&r=g","caption":"Jennifer Blair"}}]}},"_links":{"self":[{"href":"https:\/\/www.jibble.io\/pt-br\/wp-json\/wp\/v2\/news\/273020","targetHints":{"allow":["GET"]}}],"collection":[{"href":"https:\/\/www.jibble.io\/pt-br\/wp-json\/wp\/v2\/news"}],"about":[{"href":"https:\/\/www.jibble.io\/pt-br\/wp-json\/wp\/v2\/types\/news"}],"author":[{"embeddable":true,"href":"https:\/\/www.jibble.io\/pt-br\/wp-json\/wp\/v2\/users\/77"}],"version-history":[{"count":3,"href":"https:\/\/www.jibble.io\/pt-br\/wp-json\/wp\/v2\/news\/273020\/revisions"}],"predecessor-version":[{"id":287827,"href":"https:\/\/www.jibble.io\/pt-br\/wp-json\/wp\/v2\/news\/273020\/revisions\/287827"}],"wp:featuredmedia":[{"embeddable":true,"href":"https:\/\/www.jibble.io\/pt-br\/wp-json\/wp\/v2\/media\/274813"}],"wp:attachment":[{"href":"https:\/\/www.jibble.io\/pt-br\/wp-json\/wp\/v2\/media?parent=273020"}],"wp:term":[{"taxonomy":"news_category","embeddable":true,"href":"https:\/\/www.jibble.io\/pt-br\/wp-json\/wp\/v2\/news_category?post=273020"}],"curies":[{"name":"wp","href":"https:\/\/api.w.org\/{rel}","templated":true}]}}