{"id":98725,"date":"2024-04-10T13:34:39","date_gmt":"2024-04-10T12:34:39","guid":{"rendered":"https:\/\/www.jibble.io\/?post_type=articles&#038;p=98725"},"modified":"2025-06-27T15:35:41","modified_gmt":"2025-06-27T14:35:41","slug":"europe-francophone-face-a-la-reconnaissance-faciale","status":"publish","type":"articles","link":"https:\/\/www.jibble.io\/fr\/articles\/europe-francophone-face-a-la-reconnaissance-faciale","title":{"rendered":"L&rsquo;Europe francophone face \u00e0 la reconnaissance faciale"},"author":83,"featured_media":0,"template":"","meta":{"_acf_changed":false},"class_list":["post-98725","articles","type-articles","status-publish","hentry"],"acf":{"show_author_box":["1"],"author-description":"","article_hide_publish_date":false,"footer_ai_heading":"","footer_ai_fields":null,"footer_class":"","testimonials_slider_check":[],"testimonials_title":"","testimonial_list":null,"user_reviews_check":[],"user_reviews_title":"","user_reviews_list":null,"trial_check":["Yes"],"qa_component_show":["1"],"qa_component_title":"FAQ","qa_component_subtitle":"Questions pos\u00e9es fr\u00e9quemment...","qa_component_questions":[{"qa_component_question":"L'Europe a-t-elle l\u00e9gif\u00e9r\u00e9 la reconnaissance faciale? ","qa_component_answer":"Oui! L'Europe a l\u00e9gif\u00e9r\u00e9 sur la reconnaissance faciale pour \u00e9quilibrer son utilisation avec la protection des droits individuels. Les d\u00e9put\u00e9s europ\u00e9ens ont \u00e9vit\u00e9 une interdiction stricte de cette technologie avanc\u00e9e, pr\u00e9f\u00e9rant adopter une approche mod\u00e9r\u00e9e.","anchor":"Europe-l\u00e9gif\u00e9r\u00e9-reconnaissance-faciale"},{"qa_component_question":"Est-ce que les pays europ\u00e9ens sont au m\u00eame niveau?","qa_component_answer":"Bien que l'Europe ait clarifi\u00e9 le statut de la reconnaissance faciale, tous les pays n'en feront pas un m\u00eame usage. Par exemple, en Europe francophone, la Suisse ou encore le Luxembourg sont des partisans de la technologie quand la Belgique est plut\u00f4t r\u00e9fractaire.","anchor":"pays-europ\u00e9en-m\u00eame-niveau"},{"qa_component_question":"Quel pays de l'Europe francophone est le plus avanc\u00e9? ","qa_component_answer":"En Europe francophone, la Suisse est particuli\u00e8rement impliqu\u00e9e dans la mise en place de la reconnaissance faciale. La Suisse va notamment investir 25 millions de francs pour une utilisation de la reconnaissance faciale en 2026.","anchor":"Europe-francophone-plus-avanc\u00e9"},{"qa_component_question":"Quels sont les avantages d'un logiciel de gestion des pr\u00e9sences par reconnaissance faciale? ","qa_component_answer":"Voici quelques avantages cl\u00e9s des syst\u00e8mes de <a href=\"https:\/\/www.jibble.io\/fr\/systeme-de-reconnaissance-des-visages-et-des-presences\">gestion des pr\u00e9sences<\/a> par reconnaissance faciale :\r\n<ol>\r\n \t<li aria-level=\"1\"><b>Gain de temps \u2013<\/b>\u00a0les processus manuels de gestion des pr\u00e9sences peuvent prendre beaucoup de temps. Avec un syst\u00e8me de reconnaissance faciale, le visage de l\u2019employ\u00e9 est scann\u00e9 et v\u00e9rifi\u00e9 en quelques secondes, ce qui \u00e9vite les longues files d\u2019attente et les erreurs co\u00fbteuses.<\/li>\r\n \t<li aria-level=\"1\"><b>Efficacit\u00e9 accrue \u2013<\/b>\u00a0les syst\u00e8mes automatis\u00e9s de gestion des pr\u00e9sences par reconnaissance faciale ne n\u00e9cessitent pas de main-d\u2019\u0153uvre. Le syst\u00e8me v\u00e9rifie simplement par reconnaissance faciale l\u2019identit\u00e9 des employ\u00e9s lors des pointages de d\u00e9but et de fin de travail. Par cons\u00e9quent, la charge de travail des responsables est r\u00e9duite et leur efficacit\u00e9 est accrue.<\/li>\r\n \t<li aria-level=\"1\"><b>Faible co\u00fbt \u2013<\/b>\u00a0la plupart des smartphones actuels sont \u00e9quip\u00e9s de la reconnaissance faciale. Par cons\u00e9quent, aucun mat\u00e9riel suppl\u00e9mentaire n\u2019est n\u00e9cessaire pour mettre en \u0153uvre un syst\u00e8me de gestion des pr\u00e9sences par reconnaissance faciale.<\/li>\r\n \t<li aria-level=\"1\"><b>Haute s\u00e9curit\u00e9 \u2013<\/b>\u00a0ces syst\u00e8mes permettent non seulement de garantir une v\u00e9rification pr\u00e9cise des employ\u00e9s, mais ils sont \u00e9galement \u00e9quip\u00e9s d\u2019une fonction de capture de la localisation, d\u2019une fonction de comparaison des visages et d\u2019une fonction de d\u00e9tection de l\u2019usurpation d\u2019identit\u00e9 (spoofing). Si le syst\u00e8me d\u00e9tecte un visage non reconnu, des alertes sont imm\u00e9diatement envoy\u00e9es aux responsables. Cela permet d\u2019\u00e9liminer le risque de vol de temps et de pointage entre coll\u00e8gues sur le lieu de travail.<\/li>\r\n<\/ol>","anchor":"avantages-reconnaissance-faciale"},{"qa_component_question":"Existe-t-il un logiciel de reconnaissance faciale v\u00e9ritablement gratuit?","qa_component_answer":"Oui ! Le syst\u00e8me de gestion des pr\u00e9sences par reconnaissance faciale de<a href=\"https:\/\/www.jibble.io\/fr\"> Jibble<\/a> est\u00a0<strong>100% gratuit pour un nombre illimit\u00e9 d\u2019utilisateurs.<\/strong>\r\n\r\nNous proposons aux grandes entreprises de leur fournir les fonctionnalit\u00e9s optionnelles qu\u2019elles peuvent souhaiter, mais pour la plupart des petites entreprises, la version gratuite est plus que suffisante.","anchor":"logiciel-reconnaissance-faciale-gratuit"}],"general-content":"<h3><em><strong>\u00c0 savoir<\/strong><\/em><\/h3>\r\n<ul id=\"anchors\">\r\n \t<li><em><strong>Avenir r\u00e9glement\u00e9<\/strong>: La reconnaissance faciale est au c\u0153ur des d\u00e9bats en Europe, mais plut\u00f4t que de l'interdire, les d\u00e9put\u00e9s pr\u00e9f\u00e8rent une approche mod\u00e9r\u00e9e pour \u00e9quilibrer ses avantages et ses risques.<\/em><\/li>\r\n \t<li><em><strong>Adaptation nationale vari\u00e9e<\/strong>: Chaque pays europ\u00e9en cherche \u00e0 int\u00e9grer la reconnaissance faciale dans son cadre national, mais les approches diff\u00e8rent selon les pr\u00e9occupations locales et les directives de l'UE.<\/em><\/li>\r\n \t<li><em><strong>AI Act<\/strong>: L'adoption de l'AI Act par l'UE vise \u00e0 r\u00e9glementer la reconnaissance faciale pour prot\u00e9ger les droits individuels, marquant un tournant dans sa r\u00e9gulation.<\/em><\/li>\r\n \t<li><em><strong>D\u00e9bats continus<\/strong>: Malgr\u00e9 les r\u00e9glementations en cours, l'avenir de la reconnaissance faciale en Europe reste incertain, avec des discussions en cours pour \u00e9quilibrer s\u00e9curit\u00e9, commodit\u00e9 et protection de la vie priv\u00e9e.<\/em><\/li>\r\n<\/ul>\r\n<h6 style=\"text-align: center;\"><strong><em><a href=\"https:\/\/www.jibble.io\/fr\">D\u00e9couvrez le syst\u00e8me de gestion de la pr\u00e9sence gr\u00e2ce \u00e0 la reconnaissance faciale<\/a><\/em><\/strong><\/h6>\r\nLa <a href=\"https:\/\/www.jibble.io\/fr\/systeme-de-reconnaissance-des-visages-et-des-presences\">reconnaissance faciale<\/a> est d\u00e9sormais au centre des discussions. Face \u00e0 la tentation initiale d'interdire cette technologie avanc\u00e9e, les d\u00e9put\u00e9s europ\u00e9ens ont pr\u00e9f\u00e9r\u00e9 adopter une approche d'utilisation mod\u00e9r\u00e9e, reconnaissant ses multiples b\u00e9n\u00e9fices lorsqu'employ\u00e9e judicieusement.\r\n\r\nToutefois, l'adaptation \u00e0 cette technologie varie significativement d'un pays europ\u00e9en \u00e0 l'autre, chacun cherchant \u00e0 l'int\u00e9grer harmonieusement dans son cadre national, tout en restant attentif aux directives du Parlement europ\u00e9en.\r\n\r\nCet article se propose d'examiner les strat\u00e9gies envisag\u00e9es par l'Europe francophone pour incorporer la reconnaissance faciale dans leur soci\u00e9t\u00e9.\r\n<ul id=\"anchors\">\r\n \t<li aria-level=\"1\"><a href=\"#exces\"><span style=\"font-weight: 400;\">Quels peuvent-\u00eatre les exc\u00e8s de la reconnaissance faciale?<\/span><\/a><\/li>\r\n \t<li style=\"font-weight: 400;\" aria-level=\"1\"><a href=\"#ai\"><span style=\"font-weight: 400;\">L'AI Act instaur\u00e9 par le Parlement Europ\u00e9en<\/span><\/a><\/li>\r\n \t<li style=\"font-weight: 400;\" aria-level=\"1\"><a href=\"#france\"><span style=\"font-weight: 400;\">La France l\u00e9gif\u00e8re pour des notions de s\u00e9curit\u00e9 int\u00e9rieure<\/span><\/a><\/li>\r\n \t<li style=\"font-weight: 400;\" aria-level=\"1\"><a href=\"#belgique\"><span style=\"font-weight: 400;\">Belgique: Alexander De Croo n'y est pas oppos\u00e9<\/span><\/a><\/li>\r\n \t<li style=\"font-weight: 400;\" aria-level=\"1\"><a href=\"#suisse\"><span style=\"font-weight: 400;\">Suisse: Fedpol pr\u00e9voit d'am\u00e9liorer son syst\u00e8me de s\u00e9curit\u00e9<\/span><\/a><\/li>\r\n \t<li style=\"font-weight: 400;\" aria-level=\"1\"><a href=\"#luxembourg\"><span style=\"font-weight: 400;\">Luxembourg: L'a\u00e9roport national Findel \u00e0 la pointe de la technologie<\/span><\/a><\/li>\r\n \t<li style=\"font-weight: 400;\" aria-level=\"1\"><a href=\"#avenir\"><span style=\"font-weight: 400;\">Quel avenir pour la reconnaissance faciale en Europe francophone?<\/span><\/a><\/li>\r\n<\/ul>\r\n<h2 id=\"exces\"><b>Quels peuvent-\u00eatre les exc\u00e8s de la reconnaissance faciale?<\/b><\/h2>\r\nDans un monde o\u00f9 la technologie progresse \u00e0 pas de g\u00e9ant, la <a href=\"https:\/\/www.jibble.io\/fr\/aide\/les-meilleures-conditions-pour-la-reconnaissance-faciale\">reconnaissance faciale<\/a> s'impose comme un outil de modernit\u00e9 mais aussi de controverse.\r\n\r\nAu c\u0153ur des inqui\u00e9tudes, l'intrusion dans l'intimit\u00e9 des individus se dessine comme le principal exc\u00e8s de la reconnaissance faciale. En scrutant les visages sans consentement explicite, cette technologie peut dresser des profils d\u00e9taill\u00e9s de la vie priv\u00e9e des personnes, \u00e9rodant ainsi le concept m\u00eame d'anonymat dans l'espace public.\r\n\r\nLes images capt\u00e9es et analys\u00e9es alimentent les craintes d'une surveillance de masse, rappelant les dystopies orwelliennes. Les gouvernements et certaines entreprises pourraient \u00eatre tent\u00e9s d'utiliser ces outils pour surveiller, contr\u00f4ler et potentiellement r\u00e9primer les populations, transformant chaque cam\u00e9ra en un \u0153il scrutateur.\r\n\r\nDe plus, la technologie n'est pas infaillible. Les erreurs de reconnaissance peuvent mener \u00e0 des accusations injustifi\u00e9es, voire \u00e0 des arrestations erron\u00e9es, posant des questions de fiabilit\u00e9. Les biais algorithmiques peuvent entra\u00eener une discrimination, particuli\u00e8rement envers certaines ethnies ou groupes sociaux moins bien repr\u00e9sent\u00e9s dans les bases de donn\u00e9es d'apprentissage.\r\n\r\nL'exploitation commerciale des donn\u00e9es captur\u00e9es par reconnaissance faciale constitue un autre d\u00e9bordement. Les informations collect\u00e9es peuvent \u00eatre utilis\u00e9es \u00e0 des fins publicitaires cibl\u00e9es sans le consentement des individus, brouillant davantage la ligne entre la sph\u00e8re priv\u00e9e et l'int\u00e9r\u00eat commercial.\r\n\r\n<a href=\"https:\/\/www.jibble.io\/fr\/aide\/fonctionnement-de-la-reconnaissance-faciale\"><strong><em>\u00c0 lire: Comment fonctionne la reconnaissance faciale?\u00a0<\/em><\/strong><\/a>\r\n<h2 id=\"ai\"><b>L'AI Act instaur\u00e9 par le Parlement Europ\u00e9en<\/b><\/h2>\r\nAu cours de l'ann\u00e9e 2023, le Parlement europ\u00e9en a intensifi\u00e9 ses efforts l\u00e9gislatifs concernant la technologie de reconnaissance faciale, dans le but de se positionner comme leader mondial dans ce domaine. Initialement, plusieurs factions parlementaires avaient plaid\u00e9 pour une interdiction totale de son utilisation. N\u00e9anmoins, le r\u00e9sultat final a adopt\u00e9 une approche plus nuanc\u00e9e : la technologie de reconnaissance faciale a \u00e9t\u00e9 autoris\u00e9e, mais soumise \u00e0 de strictes restrictions:\r\n<ul id=\"anchors\">\r\n \t<li><strong>Mai 2023<\/strong>: Les l\u00e9gislateurs ont adopt\u00e9 une version renforc\u00e9e du cadre r\u00e9glementaire de l'UE sur l<a href=\"https:\/\/www.jibble.io\/fr\/articles\/suivi-des-employes-intelligence-artificielle\">'intelligence artificielle<\/a>, incluant une proposition d'interdiction totale de l'identification biom\u00e9trique \u00e0 distance dans les lieux publics. Cela couvre les techniques assist\u00e9es par IA comme la reconnaissance faciale, visant \u00e0 identifier les individus \u00e0 partir d'images ou de vid\u00e9os, que ce soit en temps r\u00e9el ou a posteriori;<\/li>\r\n \t<li><strong>D\u00e9cembre 2023<\/strong>: L'Union europ\u00e9enne est pionni\u00e8re dans la r\u00e9gulation de l'<a href=\"https:\/\/www.jibble.io\/fr\/articles\/suivi-des-employes-intelligence-artificielle\">intelligence artificielle<\/a> avec son AI Act, suscitant des r\u00e9actions partag\u00e9es. Certains critiquent cette initiative comme pr\u00e9matur\u00e9e ou une r\u00e9gulation pour le principe m\u00eame de r\u00e9guler, tandis que d'autres estiment que le texte ne cible pas suffisamment des enjeux cruciaux tels que la reconnaissance faciale, crucial pour les droits individuels.<\/li>\r\n \t<li><strong>Mars 2024<\/strong>: La l\u00e9gislation adopt\u00e9e en d\u00e9cembre 2023 avec 523 voix pour, interdit les applications d'IA nuisant aux droits des citoyens. Cela inclut les syst\u00e8mes de cat\u00e9gorisation biom\u00e9trique sensibles, la cr\u00e9ation non sp\u00e9cifique de bases de donn\u00e9es faciales via Internet ou vid\u00e9osurveillance, la reconnaissance des \u00e9motions au travail et dans l'\u00e9ducation, la notation sociale, la police pr\u00e9dictive bas\u00e9e sur le profilage, et l'IA influen\u00e7ant le comportement ou exploitant les vuln\u00e9rabilit\u00e9s.<\/li>\r\n<\/ul>\r\n<img class=\"alignnone wp-image-99146 size-full\" src=\"https:\/\/www.jibble.io\/wp-content\/uploads\/2024\/04\/8c504b0_FW1_EU-ELECTION-_0329_1A.jpeg\" alt=\"FILE PHOTO: Members of the European Parliament take part in a voting session in Strasbourg, France, March 26, 2019. REUTERS\/Vincent Kessler -\/File Photo\" width=\"1440\" height=\"720\" \/>\r\n<h2 id=\"france\"><b>La France l\u00e9gif\u00e8re pour des notions de s\u00e9curit\u00e9 int\u00e9rieure<\/b><\/h2>\r\nEn Europe francophone, la France a commenc\u00e9 \u00e0 se poser des questions sur le sujet et \u00e0<a href=\"https:\/\/www.vie-publique.fr\/questions-reponses\/271221-six-questions-sur-la-reconnaissance-faciale#:~:text=En%20France%2C%20les%20dispositifs%20de,aux%20fronti%C3%A8res%20ext%C3%A9rieures%20(Parafe).\"> trouver des r\u00e9ponses<\/a>. Le 12 juin 2023, le S\u00e9nat a approuv\u00e9 en premi\u00e8re lecture un projet de loi visant \u00e0 restreindre l'emploi des technologies de reconnaissance faciale. Cette initiative l\u00e9gislative d\u00e9coule d'un <a href=\"https:\/\/www.vie-publique.fr\/en-bref\/285171-reconnaissance-faciale-une-technologie-encadrer\">rapport s\u00e9natorial de 2022<\/a> recommandant de r\u00e9glementer l'utilisation de la reconnaissance faciale, en y appliquant des restrictions bas\u00e9es sur trois principes fondamentaux :\r\n<ul id=\"anchors\">\r\n \t<li>Le principe de subsidiarit\u00e9, stipulant que son usage doit \u00eatre r\u00e9serv\u00e9 aux situations o\u00f9 il est strictement n\u00e9cessaire.<\/li>\r\n \t<li>Le principe d'une supervision humaine obligatoire, cantonnant la reconnaissance faciale au r\u00f4le de support dans le processus d\u00e9cisionnel.<\/li>\r\n \t<li>Le principe de transparence, assurant que son utilisation ne se fasse pas sans la connaissance des individus concern\u00e9s.<\/li>\r\n<\/ul>\r\nD'ailleurs, pour les Jeux Olympiques de 2024, bien que la reconnaissance faciale ne sera pas utilis\u00e9e, la France testera la <a href=\"https:\/\/www.lematin.ch\/story\/france-jo-2024-la-videosurveillance-par-algorithme-experimentee-103081920\">vid\u00e9osurveillance algorithmique<\/a> (VSA), un logiciel similaire qui permet de rep\u00e9rer \"des \u00e9v\u00e9nements ou comportements jug\u00e9s suspects ou \u00e0 risque.\"\r\n\r\n<a href=\"https:\/\/www.capital.fr\/economie-politique\/reconnaissance-faciale-definition-reglementation-et-enjeux-1491301#:~:text=Dans%20la%20pratique%2C%20elle%20est,les%20a%C3%A9roports%20et%20les%20gares).\">Pourtant, la reconnaissance faciale est d\u00e9j\u00e0 utilis\u00e9e sous certaines conditions<\/a>. Dans le secteur de la s\u00e9curit\u00e9, la reconnaissance faciale est couramment d\u00e9ploy\u00e9e pour des op\u00e9rations de v\u00e9rification d'identit\u00e9 aux fronti\u00e8res, ainsi que dans les a\u00e9roports et les gares. Elle s'av\u00e8re \u00e9galement pr\u00e9cieuse pour les forces de s\u00e9curit\u00e9 dans le cadre de l'identification de suspects suite \u00e0 des actes terroristes, entre autres applications.\r\n<h2 id=\"belgique\"><b>Belgique: Alexander De Croo n'y est pas oppos\u00e9<\/b><\/h2>\r\nEn mars 2023, l'int\u00e9gration de la technologie de reconnaissance faciale aux cam\u00e9ras de surveillance a \u00e9t\u00e9 observ\u00e9e.\r\n\r\nActuellement, il n'y a pas de l\u00e9gislation sp\u00e9cifique encadrant l'emploi de cette technologie dans les lieux publics. Cependant, cela n'a pas dissuad\u00e9 les autorit\u00e9s d'<a href=\"https:\/\/www.rtbf.be\/article\/lutilisation-du-logiciel-de-reconnaissance-faciale-clearview-par-les-policiers-belges-etait-illegale-10951311\">utiliser le logiciel Clearview<\/a>, sujet \u00e0 controverse, lors de tests effectu\u00e9s \u00e0 l'a\u00e9roport de Bruxelles en octobre 2019.\r\n\r\nPar ailleurs, <a href=\"https:\/\/democratie.brussels\/initiatives\/i-155\">une p\u00e9tition<\/a> a \u00e9t\u00e9 lanc\u00e9e devant le parlement de Bruxelles. Sous le mot d'ordre \"Protect my face\" (Prot\u00e9gez mon visage), les signataires exigeaient l'interdiction totale de la reconnaissance faciale dans les espaces publics de la ville.\r\n\r\nToutefois, le Premier ministre Alexander De Croo <a href=\"https:\/\/www.dhnet.be\/actu\/belgique\/2023\/10\/14\/alexander-de-croo-nest-pas-oppose-a-lutilisation-de-la-reconnaissance-faciale-dans-certains-cas-precis-comme-a-la-gare-du-midi-LKMH7PWCEJHGLOXLZMFOUHNAR4\/\">ne s'oppose pas cat\u00e9goriquement \u00e0 l'emploi de la reconnaissance faciale<\/a> dans des cas bien d\u00e9finis. Il rejette l'id\u00e9e d'une soci\u00e9t\u00e9 sous surveillance constante, o\u00f9 chaque d\u00e9placement serait traqu\u00e9. Cependant, il soutient que dans certaines circonstances, les cam\u00e9ras dot\u00e9es de reconnaissance faciale pourraient repr\u00e9senter un avantage.\r\n\r\n[caption id=\"attachment_99181\" align=\"alignnone\" width=\"858\"]<img class=\"wp-image-99181 size-full\" src=\"https:\/\/www.jibble.io\/wp-content\/uploads\/2024\/04\/a913ef49871f603e9f888fca71573d437d6fdc5d-858x480-1.jpeg\" alt=\"\" width=\"858\" height=\"480\" \/> Le premier ministre Alexander De Croo parlant de la reconnaissance faciale[\/caption]\r\n\r\n<a href=\"https:\/\/www.jibble.io\/fr\/aide\/les-meilleures-conditions-pour-la-reconnaissance-faciale\"><strong><em>\u00c0 lire: Les meilleures conditions pour la reconnaissance faciale\u00a0<\/em><\/strong><\/a>\r\n<h2 id=\"suisse\"><b>Suisse: Fedpol pr\u00e9voit d'am\u00e9liorer son syst\u00e8me de s\u00e9curit\u00e9<\/b><\/h2>\r\nLe gouvernement suisse a sugg\u00e9r\u00e9 que l'Office f\u00e9d\u00e9ral de la police (Fedpol) se dote d'une technologie de <a href=\"https:\/\/www.jibble.io\/fr\/aide\/faq-donnees-faciales-et-technologie-de-reconnaissance-faciale\">reconnaissance faciale<\/a> pour l'identification de suspects, avec une mise en place pr\u00e9vue pour 2026 et un budget estim\u00e9 \u00e0 environ 25 millions de francs. Chaque ann\u00e9e, Fedpol traite plus de 340'000 requ\u00eates d'identification, ce qui met en \u00e9vidence le r\u00f4le crucial de cette initiative dans la pr\u00e9vention de la criminalit\u00e9.\r\n\r\nIl convient de souligner que cette technologie constituera un outil parmi d'autres dans le cadre de l'identification et ne constituera pas une preuve suffisante pour condamner quelqu'un sans autres \u00e9l\u00e9ments probants. Fedpol sera limit\u00e9 dans ses sources d'images, excluant notamment celles issues de documents d'identit\u00e9 ou des plateformes de r\u00e9seaux sociaux, et il ne sera pas question de r\u00e9aliser une surveillance en temps r\u00e9el gr\u00e2ce \u00e0 des cam\u00e9ras.\r\n\r\n<a href=\"https:\/\/www.humanrights.ch\/fr\/nouvelles\/reconnaissance-biometrique-lieux-publics-une-menace-droits-humains\">Sous la nouvelle l\u00e9gislation suisse de protection des donn\u00e9es<\/a> (nLPD), effective depuis septembre 2023, les informations biom\u00e9triques sont reconnues comme \u00e9tant des donn\u00e9es d\u00e9licates du fait de leur capacit\u00e9 \u00e0 identifier pr\u00e9cis\u00e9ment un individu. Pour le traitement de ces donn\u00e9es, aucune approbation automatique n'est accord\u00e9e: une justification l\u00e9gale sp\u00e9cifique est requise.\r\n\r\nN\u00e9anmoins, leur manipulation n'est pas formellement proscrite. Cette r\u00e9glementation concerne principalement les entit\u00e9s f\u00e9d\u00e9rales et les entreprises priv\u00e9es, excluant les autorit\u00e9s cantonales de son application.\r\n<h2 id=\"luxembourg\"><b>Luxembourg: L'a\u00e9roport national Findel \u00e0 la pointe de la technologie<\/b><\/h2>\r\nLe Luxembourg a manifest\u00e9 un vif int\u00e9r\u00eat pour l'intelligence artificielle. Lors du vote sur l'Acte IA, les cinq repr\u00e9sentants luxembourgeois pr\u00e9sents ont tous approuv\u00e9 la mesure.\r\n\r\nD\u00e9but 2024, il a \u00e9t\u00e9 annonc\u00e9 qu'un investissement de <a href=\"https:\/\/www.lesfrontaliers.lu\/societe\/au-findel-certains-passagers-devront-montrer-patte-blanche\/\">1 million d'euros serait r\u00e9alis\u00e9 \u00e0 l'a\u00e9roport de Luxembourg<\/a> pour l'installation, d'ici l'automne, d'un nouveau syst\u00e8me de contr\u00f4le d'empreintes digitales et de reconnaissance faciale. Toutefois, ce syst\u00e8me ne concernera pas tous les voyageurs. En effet, il est destin\u00e9 uniquement aux voyageurs non membres de l'Union europ\u00e9enne qui n\u00e9cessitent un visa de court s\u00e9jour ou \u00e0 ceux autoris\u00e9s \u00e0 s\u00e9journer jusqu'\u00e0 90 jours sur une p\u00e9riode de 3 mois en Europe (sans visa obligatoire).\r\n\r\n<img class=\"alignnone wp-image-99154 size-full\" src=\"https:\/\/www.jibble.io\/wp-content\/uploads\/2024\/04\/Screen-Shot-2024-04-10-at-2.22.33-PM.png\" alt=\"Reconnaissance faciale dans un aeroport\" width=\"1223\" height=\"697\" \/>\r\n<h2 id=\"avenir\"><b>Quel avenir pour la reconnaissance faciale en Europe francophone?<\/b><\/h2>\r\nL'<a href=\"https:\/\/www.jibble.io\/fr\/aide\/faq-donnees-faciales-et-technologie-de-reconnaissance-faciale\">avenir de la reconnaissance faciale<\/a> en Europe reste incertain mais fortement r\u00e9glement\u00e9. Alors que certains pays, tels que la France et la Belgique, cherchent \u00e0 restreindre son utilisation, d'autres comme la Suisse envisagent de l'adopter avec des restrictions strictes.\r\n\r\nL'introduction de l'AI Act par le Parlement europ\u00e9en indique une volont\u00e9 de r\u00e9guler cette technologie pour prot\u00e9ger les droits individuels.\r\n\r\nCependant, son avenir d\u00e9pendra de l'\u00e9quilibre entre les avantages potentiels en termes de <a href=\"https:\/\/www.jibble.io\/fr\/systeme-de-reconnaissance-des-visages-et-des-presences\">s\u00e9curit\u00e9 et de commodit\u00e9<\/a>, et les pr\u00e9occupations persistantes concernant la vie priv\u00e9e et les libert\u00e9s civiles. Il est probable que des d\u00e9bats et des ajustements continus auront lieu pour d\u00e9terminer dans quelle mesure la reconnaissance faciale sera int\u00e9gr\u00e9e dans la soci\u00e9t\u00e9 europ\u00e9enne.","show_updated_date_in_content":false,"user_feedback_question":"Avez-vous trouv\u00e9 les informations que vous recherchiez?","user_feedback_thank_you_text":"Merci pour votre retour!","show_general_feedback_form_on_page":true,"page_show_freelance_popup":false,"jba_related_picks":null,"jba_related_hide":false,"jba_sidebar_override":false,"jba_sidebar_title":"Free time tracking for unlimited users","jba_sidebar_image":null,"jba_sidebar_p_label":"Start for free","jba_sidebar_p_url":"","jba_sidebar_s_label":"Book a demo","jba_sidebar_s_url":"","hide-h3":[]},"yoast_head":"<!-- This site is optimized with the Yoast SEO Premium plugin v26.8 (Yoast SEO v26.8) - https:\/\/yoast.com\/product\/yoast-seo-premium-wordpress\/ -->\n<title>L&#039;Europe francophone face \u00e0 la reconnaissance faciale<\/title>\n<meta name=\"description\" content=\"D\u00e9couvrez comment l&#039;Europe francophone cherche \u00e0 utiliser les avantages de la reconnaissance faciale tout en prot\u00e9geant nos vies priv\u00e9es.\" \/>\n<meta name=\"robots\" content=\"index, follow, max-snippet:-1, max-image-preview:large, max-video-preview:-1\" \/>\n<link rel=\"canonical\" href=\"https:\/\/www.jibble.io\/fr\/articles\/europe-francophone-face-a-la-reconnaissance-faciale\" \/>\n<meta property=\"og:locale\" content=\"fr_FR\" \/>\n<meta property=\"og:type\" content=\"article\" \/>\n<meta property=\"og:title\" content=\"L&#039;Europe francophone face \u00e0 la reconnaissance faciale\" \/>\n<meta property=\"og:description\" content=\"D\u00e9couvrez comment l&#039;Europe francophone cherche \u00e0 utiliser les avantages de la reconnaissance faciale tout en prot\u00e9geant nos vies priv\u00e9es.\" \/>\n<meta property=\"og:url\" content=\"https:\/\/www.jibble.io\/fr\/articles\/europe-francophone-face-a-la-reconnaissance-faciale\" \/>\n<meta property=\"og:site_name\" content=\"Jibble\" \/>\n<meta property=\"article:modified_time\" content=\"2025-06-27T14:35:41+00:00\" \/>\n<meta name=\"twitter:card\" content=\"summary_large_image\" \/>\n<meta name=\"twitter:label1\" content=\"Dur\u00e9e de lecture estim\u00e9e\" \/>\n\t<meta name=\"twitter:data1\" content=\"10 minutes\" \/>\n<script type=\"application\/ld+json\" class=\"yoast-schema-graph\">{\"@context\":\"https:\/\/schema.org\",\"@graph\":[{\"@type\":\"WebPage\",\"@id\":\"https:\/\/www.jibble.io\/fr\/articles\/europe-francophone-face-a-la-reconnaissance-faciale\",\"url\":\"https:\/\/www.jibble.io\/fr\/articles\/europe-francophone-face-a-la-reconnaissance-faciale\",\"name\":\"L'Europe francophone face \u00e0 la reconnaissance faciale\",\"isPartOf\":{\"@id\":\"https:\/\/www.jibble.io\/#website\"},\"datePublished\":\"2024-04-10T12:34:39+00:00\",\"dateModified\":\"2025-06-27T14:35:41+00:00\",\"description\":\"D\u00e9couvrez comment l'Europe francophone cherche \u00e0 utiliser les avantages de la reconnaissance faciale tout en prot\u00e9geant nos vies priv\u00e9es.\",\"inLanguage\":\"fr-FR\",\"potentialAction\":[{\"@type\":\"ReadAction\",\"target\":[\"https:\/\/www.jibble.io\/fr\/articles\/europe-francophone-face-a-la-reconnaissance-faciale\"]}]},{\"@type\":\"WebSite\",\"@id\":\"https:\/\/www.jibble.io\/#website\",\"url\":\"https:\/\/www.jibble.io\/\",\"name\":\"Jibble\",\"description\":\"Meet the new standard in time tracking software\",\"publisher\":{\"@id\":\"https:\/\/www.jibble.io\/#organization\"},\"potentialAction\":[{\"@type\":\"SearchAction\",\"target\":{\"@type\":\"EntryPoint\",\"urlTemplate\":\"https:\/\/www.jibble.io\/?s={search_term_string}\"},\"query-input\":{\"@type\":\"PropertyValueSpecification\",\"valueRequired\":true,\"valueName\":\"search_term_string\"}}],\"inLanguage\":\"fr-FR\"},{\"@type\":\"Organization\",\"@id\":\"https:\/\/www.jibble.io\/#organization\",\"name\":\"Jibble\",\"url\":\"https:\/\/www.jibble.io\/\",\"logo\":{\"@type\":\"ImageObject\",\"inLanguage\":\"fr-FR\",\"@id\":\"https:\/\/www.jibble.io\/#\/schema\/logo\/image\/\",\"url\":\"https:\/\/www.jibble.io\/wp-content\/uploads\/2022\/05\/Original-copy-923x1024.png\",\"contentUrl\":\"https:\/\/www.jibble.io\/wp-content\/uploads\/2022\/05\/Original-copy-923x1024.png\",\"width\":\"923\",\"height\":\"1024\",\"caption\":\"Jibble\"},\"image\":{\"@id\":\"https:\/\/www.jibble.io\/#\/schema\/logo\/image\/\"},\"sameAs\":[\"https:\/\/www.linkedin.com\/company\/jibble\/\"]}]}<\/script>\n<!-- \/ Yoast SEO Premium plugin. -->","yoast_head_json":{"title":"L'Europe francophone face \u00e0 la reconnaissance faciale","description":"D\u00e9couvrez comment l'Europe francophone cherche \u00e0 utiliser les avantages de la reconnaissance faciale tout en prot\u00e9geant nos vies priv\u00e9es.","robots":{"index":"index","follow":"follow","max-snippet":"max-snippet:-1","max-image-preview":"max-image-preview:large","max-video-preview":"max-video-preview:-1"},"canonical":"https:\/\/www.jibble.io\/fr\/articles\/europe-francophone-face-a-la-reconnaissance-faciale","og_locale":"fr_FR","og_type":"article","og_title":"L'Europe francophone face \u00e0 la reconnaissance faciale","og_description":"D\u00e9couvrez comment l'Europe francophone cherche \u00e0 utiliser les avantages de la reconnaissance faciale tout en prot\u00e9geant nos vies priv\u00e9es.","og_url":"https:\/\/www.jibble.io\/fr\/articles\/europe-francophone-face-a-la-reconnaissance-faciale","og_site_name":"Jibble","article_modified_time":"2025-06-27T14:35:41+00:00","twitter_card":"summary_large_image","twitter_misc":{"Dur\u00e9e de lecture estim\u00e9e":"10 minutes"},"schema":{"@context":"https:\/\/schema.org","@graph":[{"@type":"WebPage","@id":"https:\/\/www.jibble.io\/fr\/articles\/europe-francophone-face-a-la-reconnaissance-faciale","url":"https:\/\/www.jibble.io\/fr\/articles\/europe-francophone-face-a-la-reconnaissance-faciale","name":"L'Europe francophone face \u00e0 la reconnaissance faciale","isPartOf":{"@id":"https:\/\/www.jibble.io\/#website"},"datePublished":"2024-04-10T12:34:39+00:00","dateModified":"2025-06-27T14:35:41+00:00","description":"D\u00e9couvrez comment l'Europe francophone cherche \u00e0 utiliser les avantages de la reconnaissance faciale tout en prot\u00e9geant nos vies priv\u00e9es.","inLanguage":"fr-FR","potentialAction":[{"@type":"ReadAction","target":["https:\/\/www.jibble.io\/fr\/articles\/europe-francophone-face-a-la-reconnaissance-faciale"]}]},{"@type":"WebSite","@id":"https:\/\/www.jibble.io\/#website","url":"https:\/\/www.jibble.io\/","name":"Jibble","description":"Meet the new standard in time tracking software","publisher":{"@id":"https:\/\/www.jibble.io\/#organization"},"potentialAction":[{"@type":"SearchAction","target":{"@type":"EntryPoint","urlTemplate":"https:\/\/www.jibble.io\/?s={search_term_string}"},"query-input":{"@type":"PropertyValueSpecification","valueRequired":true,"valueName":"search_term_string"}}],"inLanguage":"fr-FR"},{"@type":"Organization","@id":"https:\/\/www.jibble.io\/#organization","name":"Jibble","url":"https:\/\/www.jibble.io\/","logo":{"@type":"ImageObject","inLanguage":"fr-FR","@id":"https:\/\/www.jibble.io\/#\/schema\/logo\/image\/","url":"https:\/\/www.jibble.io\/wp-content\/uploads\/2022\/05\/Original-copy-923x1024.png","contentUrl":"https:\/\/www.jibble.io\/wp-content\/uploads\/2022\/05\/Original-copy-923x1024.png","width":"923","height":"1024","caption":"Jibble"},"image":{"@id":"https:\/\/www.jibble.io\/#\/schema\/logo\/image\/"},"sameAs":["https:\/\/www.linkedin.com\/company\/jibble\/"]}]}},"_links":{"self":[{"href":"https:\/\/www.jibble.io\/fr\/wp-json\/wp\/v2\/articles\/98725","targetHints":{"allow":["GET"]}}],"collection":[{"href":"https:\/\/www.jibble.io\/fr\/wp-json\/wp\/v2\/articles"}],"about":[{"href":"https:\/\/www.jibble.io\/fr\/wp-json\/wp\/v2\/types\/articles"}],"author":[{"embeddable":true,"href":"https:\/\/www.jibble.io\/fr\/wp-json\/wp\/v2\/users\/83"}],"version-history":[{"count":3,"href":"https:\/\/www.jibble.io\/fr\/wp-json\/wp\/v2\/articles\/98725\/revisions"}],"predecessor-version":[{"id":290296,"href":"https:\/\/www.jibble.io\/fr\/wp-json\/wp\/v2\/articles\/98725\/revisions\/290296"}],"wp:attachment":[{"href":"https:\/\/www.jibble.io\/fr\/wp-json\/wp\/v2\/media?parent=98725"}],"curies":[{"name":"wp","href":"https:\/\/api.w.org\/{rel}","templated":true}]}}