{"id":298069,"date":"2024-01-31T06:12:57","date_gmt":"2024-01-31T06:12:57","guid":{"rendered":"https:\/\/www.jibble.io\/news\/germany-4-day-work-week-test"},"modified":"2025-07-24T15:31:16","modified_gmt":"2025-07-24T14:31:16","slug":"4-tage-woche-test-deutschland","status":"publish","type":"news","link":"https:\/\/www.jibble.io\/de\/news\/4-tage-woche-test-deutschland","title":{"rendered":"Deutsche Firmen testen die 4-Tage-Woche f\u00fcr mehr Produktivit\u00e4t"},"content":{"rendered":"<p>Deutschland macht sich bereit, ab dem 1. Februar die Vier-Tage-Woche einzuf\u00fchren. Mehr als 45 Firmen machen bei einem sechsmonatigen Test mit.<\/p>\n<p>Diese Entscheidung wurde durch verschiedene Herausforderungen ausgel\u00f6st, darunter die Inflation, die j\u00fcngsten Proteste der Arbeitnehmer, Einwanderungsprobleme und eine niedrige Geburtenrate, die zu einem Mangel an Arbeitskr\u00e4ften f\u00fchrt.<\/p>\n<p>Das Ungleichgewicht f\u00fchrte zu Spannungen zwischen Arbeitgebern und Arbeitnehmern, wie beispielsweise ein sechst\u00e4giger Streik von Lokf\u00fchrern, die eine Verk\u00fcrzung der Wochenarbeitszeit von 38 auf 35 Stunden ohne Lohnk\u00fcrzungen forderten.<\/p>\n<p>Vor dem Hintergrund dieser Herausforderungen forderte die deutsche Baugewerkschaft am 28. Januar eine Lohnerh\u00f6hung von \u00fcber 20 % f\u00fcr ihre 930.000 Besch\u00e4ftigten, was die komplexe Arbeitsmarktsituation des Landes weiter versch\u00e4rft.<\/p>\n<p>Im Rahmen des Pilotprogramms erhalten die Besch\u00e4ftigten einen w\u00f6chentlichen freien Tag bei voller Bezahlung. Ziel ist es, zu pr\u00fcfen, ob eine k\u00fcrzere Arbeitswoche nicht nur das Wohlbefinden der Besch\u00e4ftigten verbessert, sondern auch die Produktivit\u00e4t steigert. Mit dieser Ma\u00dfnahme soll eine bessere Vereinbarkeit von Beruf und Privatleben erreicht und den Inflations\u00e4ngsten begegnet werden.<\/p>\n<p>Dieses Projekt spiegelt einen allgemeinen Trend auf dem deutschen Arbeitsmarkt wider, wo der Fachkr\u00e4ftemangel die Unternehmen dazu zwingt, angesichts der hohen Inflation Herausforderungen im Bereich der Arbeitskr\u00e4fte zu bew\u00e4ltigen.<\/p>\n<h3><\/h3>\n<h3>Zus\u00e4tzliche Informationen:<\/h3>\n<ul>\n<li>Laut einer Umfrage einer Branchenlobby aus dem Jahr 2023 haben 50 % der deutschen Unternehmen Probleme, offene Stellen zu besetzen.<\/li>\n<li>Im Jahr 2022 hat das Technologieunternehmen SAP die Anforderung eines Hochschulabschlusses f\u00fcr Bewerber abgeschafft.<\/li>\n<li>Zu den Teilnehmern des Pilotprogramms geh\u00f6rt auch das Werk von EuroLam in Wiegendorf, Deutschland, das die Vier-Tage-Woche testet.<\/li>\n<\/ul>\n","protected":false},"author":77,"featured_media":82956,"parent":0,"menu_order":0,"template":"","meta":{"_acf_changed":false,"footnotes":""},"news_category":[1338,1340],"class_list":["post-298069","news","type-news","status-publish","has-post-thumbnail","hentry","news_category-arbeitswoche-trends","news_category-welt"],"acf":[],"yoast_head":"<!-- This site is optimized with the Yoast SEO Premium plugin v26.8 (Yoast SEO v26.8) - https:\/\/yoast.com\/product\/yoast-seo-premium-wordpress\/ -->\n<title>Deutsche Firmen testen die 4-Tage-Woche<\/title>\n<meta name=\"description\" content=\"Deutschland macht sich bereit, ab dem 1. Februar die Vier-Tage-Woche einzuf\u00fchren. Mehr als 45 Firmen machen bei einem 6-Monats-Test mit.\" \/>\n<meta name=\"robots\" content=\"index, follow, max-snippet:-1, max-image-preview:large, max-video-preview:-1\" \/>\n<link rel=\"canonical\" href=\"https:\/\/www.jibble.io\/de\/news\/4-tage-woche-test-deutschland\" \/>\n<meta property=\"og:locale\" content=\"de_DE\" \/>\n<meta property=\"og:type\" content=\"article\" \/>\n<meta property=\"og:title\" content=\"Deutsche Firmen testen die 4-Tage-Woche f\u00fcr mehr Produktivit\u00e4t\" \/>\n<meta property=\"og:description\" content=\"Deutschland macht sich bereit, ab dem 1. Februar die Vier-Tage-Woche einzuf\u00fchren. Mehr als 45 Firmen machen bei einem 6-Monats-Test mit.\" \/>\n<meta property=\"og:url\" content=\"https:\/\/www.jibble.io\/de\/news\/4-tage-woche-test-deutschland\" \/>\n<meta property=\"og:site_name\" content=\"Jibble\" \/>\n<meta property=\"article:modified_time\" content=\"2025-07-24T14:31:16+00:00\" \/>\n<meta property=\"og:image\" content=\"https:\/\/www.jibble.io\/wp-content\/uploads\/2024\/01\/berlin-germany.jpg\" \/>\n\t<meta property=\"og:image:width\" content=\"1920\" \/>\n\t<meta property=\"og:image:height\" content=\"1276\" \/>\n\t<meta property=\"og:image:type\" content=\"image\/jpeg\" \/>\n<meta name=\"twitter:card\" content=\"summary_large_image\" \/>\n<meta name=\"twitter:label1\" content=\"Gesch\u00e4tzte Lesezeit\" \/>\n\t<meta name=\"twitter:data1\" content=\"2\u00a0Minuten\" \/>\n<script type=\"application\/ld+json\" class=\"yoast-schema-graph\">{\"@context\":\"https:\/\/schema.org\",\"@graph\":[{\"@type\":\"NewsArticle\",\"@id\":\"https:\/\/www.jibble.io\/de\/news\/4-tage-woche-test-deutschland#article\",\"isPartOf\":{\"@id\":\"https:\/\/www.jibble.io\/de\/news\/4-tage-woche-test-deutschland\"},\"author\":{\"name\":\"Jennifer Blair\",\"@id\":\"https:\/\/www.jibble.io\/de#\/schema\/person\/459d1f478476aa66f3a6c02e9fc7ae11\"},\"headline\":\"Deutsche Firmen testen die 4-Tage-Woche f\u00fcr mehr Produktivit\u00e4t\",\"datePublished\":\"2024-01-31T06:12:57+00:00\",\"dateModified\":\"2025-07-24T14:31:16+00:00\",\"mainEntityOfPage\":{\"@id\":\"https:\/\/www.jibble.io\/de\/news\/4-tage-woche-test-deutschland\"},\"wordCount\":268,\"publisher\":{\"@id\":\"https:\/\/www.jibble.io\/de#organization\"},\"image\":{\"@id\":\"https:\/\/www.jibble.io\/de\/news\/4-tage-woche-test-deutschland#primaryimage\"},\"thumbnailUrl\":\"https:\/\/www.jibble.io\/wp-content\/uploads\/2024\/01\/berlin-germany.jpg\",\"inLanguage\":\"de\"},{\"@type\":\"WebPage\",\"@id\":\"https:\/\/www.jibble.io\/de\/news\/4-tage-woche-test-deutschland\",\"url\":\"https:\/\/www.jibble.io\/de\/news\/4-tage-woche-test-deutschland\",\"name\":\"Deutsche Firmen testen die 4-Tage-Woche\",\"isPartOf\":{\"@id\":\"https:\/\/www.jibble.io\/de#website\"},\"primaryImageOfPage\":{\"@id\":\"https:\/\/www.jibble.io\/de\/news\/4-tage-woche-test-deutschland#primaryimage\"},\"image\":{\"@id\":\"https:\/\/www.jibble.io\/de\/news\/4-tage-woche-test-deutschland#primaryimage\"},\"thumbnailUrl\":\"https:\/\/www.jibble.io\/wp-content\/uploads\/2024\/01\/berlin-germany.jpg\",\"datePublished\":\"2024-01-31T06:12:57+00:00\",\"dateModified\":\"2025-07-24T14:31:16+00:00\",\"description\":\"Deutschland macht sich bereit, ab dem 1. Februar die Vier-Tage-Woche einzuf\u00fchren. Mehr als 45 Firmen machen bei einem 6-Monats-Test mit.\",\"inLanguage\":\"de\",\"potentialAction\":[{\"@type\":\"ReadAction\",\"target\":[\"https:\/\/www.jibble.io\/de\/news\/4-tage-woche-test-deutschland\"]}]},{\"@type\":\"ImageObject\",\"inLanguage\":\"de\",\"@id\":\"https:\/\/www.jibble.io\/de\/news\/4-tage-woche-test-deutschland#primaryimage\",\"url\":\"https:\/\/www.jibble.io\/wp-content\/uploads\/2024\/01\/berlin-germany.jpg\",\"contentUrl\":\"https:\/\/www.jibble.io\/wp-content\/uploads\/2024\/01\/berlin-germany.jpg\",\"width\":1920,\"height\":1276,\"caption\":\"Foto von Ansgar Scheffold auf Unsplash\"},{\"@type\":\"WebSite\",\"@id\":\"https:\/\/www.jibble.io\/de#website\",\"url\":\"https:\/\/www.jibble.io\/de\",\"name\":\"Jibble\",\"description\":\"Meet the new standard in time tracking software\",\"publisher\":{\"@id\":\"https:\/\/www.jibble.io\/de#organization\"},\"potentialAction\":[{\"@type\":\"SearchAction\",\"target\":{\"@type\":\"EntryPoint\",\"urlTemplate\":\"https:\/\/www.jibble.io\/de?s={search_term_string}\"},\"query-input\":{\"@type\":\"PropertyValueSpecification\",\"valueRequired\":true,\"valueName\":\"search_term_string\"}}],\"inLanguage\":\"de\"},{\"@type\":\"Organization\",\"@id\":\"https:\/\/www.jibble.io\/de#organization\",\"name\":\"Jibble\",\"url\":\"https:\/\/www.jibble.io\/de\",\"logo\":{\"@type\":\"ImageObject\",\"inLanguage\":\"de\",\"@id\":\"https:\/\/www.jibble.io\/de#\/schema\/logo\/image\/\",\"url\":\"https:\/\/www.jibble.io\/wp-content\/uploads\/2022\/05\/Original-copy-923x1024.png\",\"contentUrl\":\"https:\/\/www.jibble.io\/wp-content\/uploads\/2022\/05\/Original-copy-923x1024.png\",\"width\":\"923\",\"height\":\"1024\",\"caption\":\"Jibble\"},\"image\":{\"@id\":\"https:\/\/www.jibble.io\/de#\/schema\/logo\/image\/\"},\"sameAs\":[\"https:\/\/www.linkedin.com\/company\/jibble\/\"]},{\"@type\":\"Person\",\"@id\":\"https:\/\/www.jibble.io\/de#\/schema\/person\/459d1f478476aa66f3a6c02e9fc7ae11\",\"name\":\"Jennifer Blair\",\"image\":{\"@type\":\"ImageObject\",\"inLanguage\":\"de\",\"@id\":\"https:\/\/www.jibble.io\/de#\/schema\/person\/image\/\",\"url\":\"https:\/\/secure.gravatar.com\/avatar\/5a23d92ddb7d8193867abfdff5ef5599?s=96&d=mm&r=g\",\"contentUrl\":\"https:\/\/secure.gravatar.com\/avatar\/5a23d92ddb7d8193867abfdff5ef5599?s=96&d=mm&r=g\",\"caption\":\"Jennifer Blair\"}}]}<\/script>\n<!-- \/ Yoast SEO Premium plugin. -->","yoast_head_json":{"title":"Deutsche Firmen testen die 4-Tage-Woche","description":"Deutschland macht sich bereit, ab dem 1. Februar die Vier-Tage-Woche einzuf\u00fchren. Mehr als 45 Firmen machen bei einem 6-Monats-Test mit.","robots":{"index":"index","follow":"follow","max-snippet":"max-snippet:-1","max-image-preview":"max-image-preview:large","max-video-preview":"max-video-preview:-1"},"canonical":"https:\/\/www.jibble.io\/de\/news\/4-tage-woche-test-deutschland","og_locale":"de_DE","og_type":"article","og_title":"Deutsche Firmen testen die 4-Tage-Woche f\u00fcr mehr Produktivit\u00e4t","og_description":"Deutschland macht sich bereit, ab dem 1. Februar die Vier-Tage-Woche einzuf\u00fchren. Mehr als 45 Firmen machen bei einem 6-Monats-Test mit.","og_url":"https:\/\/www.jibble.io\/de\/news\/4-tage-woche-test-deutschland","og_site_name":"Jibble","article_modified_time":"2025-07-24T14:31:16+00:00","og_image":[{"width":1920,"height":1276,"url":"https:\/\/www.jibble.io\/wp-content\/uploads\/2024\/01\/berlin-germany.jpg","type":"image\/jpeg"}],"twitter_card":"summary_large_image","twitter_misc":{"Gesch\u00e4tzte Lesezeit":"2\u00a0Minuten"},"schema":{"@context":"https:\/\/schema.org","@graph":[{"@type":"NewsArticle","@id":"https:\/\/www.jibble.io\/de\/news\/4-tage-woche-test-deutschland#article","isPartOf":{"@id":"https:\/\/www.jibble.io\/de\/news\/4-tage-woche-test-deutschland"},"author":{"name":"Jennifer Blair","@id":"https:\/\/www.jibble.io\/de#\/schema\/person\/459d1f478476aa66f3a6c02e9fc7ae11"},"headline":"Deutsche Firmen testen die 4-Tage-Woche f\u00fcr mehr Produktivit\u00e4t","datePublished":"2024-01-31T06:12:57+00:00","dateModified":"2025-07-24T14:31:16+00:00","mainEntityOfPage":{"@id":"https:\/\/www.jibble.io\/de\/news\/4-tage-woche-test-deutschland"},"wordCount":268,"publisher":{"@id":"https:\/\/www.jibble.io\/de#organization"},"image":{"@id":"https:\/\/www.jibble.io\/de\/news\/4-tage-woche-test-deutschland#primaryimage"},"thumbnailUrl":"https:\/\/www.jibble.io\/wp-content\/uploads\/2024\/01\/berlin-germany.jpg","inLanguage":"de"},{"@type":"WebPage","@id":"https:\/\/www.jibble.io\/de\/news\/4-tage-woche-test-deutschland","url":"https:\/\/www.jibble.io\/de\/news\/4-tage-woche-test-deutschland","name":"Deutsche Firmen testen die 4-Tage-Woche","isPartOf":{"@id":"https:\/\/www.jibble.io\/de#website"},"primaryImageOfPage":{"@id":"https:\/\/www.jibble.io\/de\/news\/4-tage-woche-test-deutschland#primaryimage"},"image":{"@id":"https:\/\/www.jibble.io\/de\/news\/4-tage-woche-test-deutschland#primaryimage"},"thumbnailUrl":"https:\/\/www.jibble.io\/wp-content\/uploads\/2024\/01\/berlin-germany.jpg","datePublished":"2024-01-31T06:12:57+00:00","dateModified":"2025-07-24T14:31:16+00:00","description":"Deutschland macht sich bereit, ab dem 1. Februar die Vier-Tage-Woche einzuf\u00fchren. Mehr als 45 Firmen machen bei einem 6-Monats-Test mit.","inLanguage":"de","potentialAction":[{"@type":"ReadAction","target":["https:\/\/www.jibble.io\/de\/news\/4-tage-woche-test-deutschland"]}]},{"@type":"ImageObject","inLanguage":"de","@id":"https:\/\/www.jibble.io\/de\/news\/4-tage-woche-test-deutschland#primaryimage","url":"https:\/\/www.jibble.io\/wp-content\/uploads\/2024\/01\/berlin-germany.jpg","contentUrl":"https:\/\/www.jibble.io\/wp-content\/uploads\/2024\/01\/berlin-germany.jpg","width":1920,"height":1276,"caption":"Foto von Ansgar Scheffold auf Unsplash"},{"@type":"WebSite","@id":"https:\/\/www.jibble.io\/de#website","url":"https:\/\/www.jibble.io\/de","name":"Jibble","description":"Meet the new standard in time tracking software","publisher":{"@id":"https:\/\/www.jibble.io\/de#organization"},"potentialAction":[{"@type":"SearchAction","target":{"@type":"EntryPoint","urlTemplate":"https:\/\/www.jibble.io\/de?s={search_term_string}"},"query-input":{"@type":"PropertyValueSpecification","valueRequired":true,"valueName":"search_term_string"}}],"inLanguage":"de"},{"@type":"Organization","@id":"https:\/\/www.jibble.io\/de#organization","name":"Jibble","url":"https:\/\/www.jibble.io\/de","logo":{"@type":"ImageObject","inLanguage":"de","@id":"https:\/\/www.jibble.io\/de#\/schema\/logo\/image\/","url":"https:\/\/www.jibble.io\/wp-content\/uploads\/2022\/05\/Original-copy-923x1024.png","contentUrl":"https:\/\/www.jibble.io\/wp-content\/uploads\/2022\/05\/Original-copy-923x1024.png","width":"923","height":"1024","caption":"Jibble"},"image":{"@id":"https:\/\/www.jibble.io\/de#\/schema\/logo\/image\/"},"sameAs":["https:\/\/www.linkedin.com\/company\/jibble\/"]},{"@type":"Person","@id":"https:\/\/www.jibble.io\/de#\/schema\/person\/459d1f478476aa66f3a6c02e9fc7ae11","name":"Jennifer Blair","image":{"@type":"ImageObject","inLanguage":"de","@id":"https:\/\/www.jibble.io\/de#\/schema\/person\/image\/","url":"https:\/\/secure.gravatar.com\/avatar\/5a23d92ddb7d8193867abfdff5ef5599?s=96&d=mm&r=g","contentUrl":"https:\/\/secure.gravatar.com\/avatar\/5a23d92ddb7d8193867abfdff5ef5599?s=96&d=mm&r=g","caption":"Jennifer Blair"}}]}},"_links":{"self":[{"href":"https:\/\/www.jibble.io\/de\/wp-json\/wp\/v2\/news\/298069","targetHints":{"allow":["GET"]}}],"collection":[{"href":"https:\/\/www.jibble.io\/de\/wp-json\/wp\/v2\/news"}],"about":[{"href":"https:\/\/www.jibble.io\/de\/wp-json\/wp\/v2\/types\/news"}],"author":[{"embeddable":true,"href":"https:\/\/www.jibble.io\/de\/wp-json\/wp\/v2\/users\/77"}],"version-history":[{"count":3,"href":"https:\/\/www.jibble.io\/de\/wp-json\/wp\/v2\/news\/298069\/revisions"}],"predecessor-version":[{"id":301660,"href":"https:\/\/www.jibble.io\/de\/wp-json\/wp\/v2\/news\/298069\/revisions\/301660"}],"wp:featuredmedia":[{"embeddable":true,"href":"https:\/\/www.jibble.io\/de\/wp-json\/wp\/v2\/media\/82956"}],"wp:attachment":[{"href":"https:\/\/www.jibble.io\/de\/wp-json\/wp\/v2\/media?parent=298069"}],"wp:term":[{"taxonomy":"news_category","embeddable":true,"href":"https:\/\/www.jibble.io\/de\/wp-json\/wp\/v2\/news_category?post=298069"}],"curies":[{"name":"wp","href":"https:\/\/api.w.org\/{rel}","templated":true}]}}