{"id":298065,"date":"2025-05-08T20:07:21","date_gmt":"2025-05-08T19:07:21","guid":{"rendered":"https:\/\/www.jibble.io\/news\/european-blackout-productivity"},"modified":"2025-07-22T09:39:59","modified_gmt":"2025-07-22T08:39:59","slug":"stromausfall-europa-produktivitaet","status":"publish","type":"news","link":"https:\/\/www.jibble.io\/de\/news\/stromausfall-europa-produktivitaet","title":{"rendered":"Stromausfall in Europa schadet der Produktivit\u00e4t von Unternehmen"},"content":{"rendered":"<p>Am 28. April 2025 kam es in <a href=\"https:\/\/www.jibble.io\/es\">Spanien<\/a>, <a href=\"https:\/\/www.jibble.io\/pt-br\">Portugal<\/a> und Teilen S\u00fcdfrankreichs zu einem Stromausfall, der \u00fcber einen halben Tag andauerte und laut Reuters erhebliche Auswirkungen auf den Gesch\u00e4ftsbetrieb und die Produktivit\u00e4t der Mitarbeiter hatte und Millionen Menschen in Dunkelheit h\u00fcllte.<\/p>\n<p>&nbsp;<\/p>\n<p>Die Ursache des Stromausfalls wird derzeit noch untersucht, jedoch berichtete Wired, dass der Ausfall durch einen Ausfall von zwei wichtigen Hochspannungsverbindungen zwischen Spanien und Frankreich ausgel\u00f6st wurde.<\/p>\n<p>&nbsp;<\/p>\n<p>Diese Verbindungen fielen unerwartet aus, wodurch wichtige Stromimporte unterbrochen wurden und das gesamte iberische Stromnetz destabilisiert wurde. Infolgedessen wurden automatische Schutzsysteme aktiviert, die gro\u00dfe Teile Spaniens und Portugals vom Netz trennten, um einen weiteren Zusammenbruch des Netzes zu verhindern.<\/p>\n<p>&nbsp;<\/p>\n<h2><span style=\"font-weight: 400;\">Auswirkungen und St\u00f6rungen durch Stromausf\u00e4lle<\/span><\/h2>\n<p>Unternehmen erlitten erhebliche Verluste, da digitale Zahlungssysteme ausfielen und K\u00fchlger\u00e4te nicht mehr funktionierten. Superm\u00e4rkte, darunter Lidl, bem\u00fchten sich, den Verderb von Waren zu verhindern, w\u00e4hrend viele kleinere Gesch\u00e4fte vollst\u00e4ndig schlie\u00dfen mussten.<\/p>\n<p>&nbsp;<\/p>\n<p>Allein Spanien verlor laut AP News innerhalb von f\u00fcnf Sekunden 15 Gigawatt Strom, wodurch 60 % der nationalen Versorgung unterbrochen wurden.<\/p>\n<p>&nbsp;<\/p>\n<p>Der <a href=\"https:\/\/www.ceoe.es\/\">spanische Arbeitgeberverband CEOE<\/a> sch\u00e4tzte die Kosten des Stromausfalls f\u00fcr die Wirtschaft auf rund 1,6 Milliarden Euro. Der Verkehr kam zum Erliegen, \u00fcber 35.000 Bahnreisende sa\u00dfen fest, da die Z\u00fcge nicht mehr fuhren. Krankenh\u00e4user und Kliniken waren auf Notstromaggregate angewiesen, was zu \u00c4ngsten und Verz\u00f6gerungen bei lebenswichtigen Gesundheitsdienstleistungen f\u00fchrte.<\/p>\n<p>&nbsp;<\/p>\n<p>Der Hafenbetrieb in Valencia und Barcelona wurde erheblich verlangsamt, die Containerabfertigung kam f\u00fcr mehrere Stunden zum Erliegen, was sich auf die Import- und Exportpl\u00e4ne auswirkte.<\/p>\n<p>&nbsp;<\/p>\n<p>Die gro\u00dfen IKEA-Filialen in Spanien schalteten Notstromaggregate ein, kleinere Filialen blieben jedoch f\u00fcr den Rest des Tages geschlossen. Viele Einzelh\u00e4ndler, insbesondere im Lebensmittel- und Getr\u00e4nkebereich, verloren aufgrund verdorbener Waren und entgangener Ums\u00e4tze mehrere Millionen Euro.<\/p>\n<p>&nbsp;<\/p>\n<p>In Lissabon und Madrid waren die Gesch\u00e4ftszentren am Nachmittag wie ausgestorben. Restaurants, die normalerweise bis sp\u00e4t in die Nacht ge\u00f6ffnet sind, mussten schlie\u00dfen, was zu erheblichen Verlusten im gesamten Gastgewerbe f\u00fchrte.<\/p>\n<p>&nbsp;<\/p>\n<h2><span style=\"font-weight: 400;\">Herausforderungen in Bezug auf Arbeitskr\u00e4fte und Besch\u00e4ftigung<\/span><\/h2>\n<p>Der Stromausfall legte die Arbeitsabl\u00e4ufe in allen Branchen lahm. Remote-Mitarbeiter verloren den Zugriff auf Tools wie Slack und Google Workspace, wodurch Projekte unterbrochen und Termine nicht eingehalten werden konnten. B\u00fcros und Callcenter schlossen vorzeitig, w\u00e4hrend Zeiterfassungs- und Gehaltsabrechnungssysteme unter Druck gerieten.<\/p>\n<p>&nbsp;<\/p>\n<p>Freiberufliche Mitarbeiter, wie beispielsweise Uber Eats- und Glovo-Fahrer, verloren einen ganzen Tag an Einkommen, da die Apps nicht funktionierten. Mitarbeiter auf Plattformen wie Upwork konnten ihre Arbeitszeit nicht erfassen und riskierten damit Lohnausf\u00e4lle.<\/p>\n<p>&nbsp;<\/p>\n<p>Schulen und Universit\u00e4ten setzten den Unterricht aus, was Tausende von Mitarbeitern und Studenten beeintr\u00e4chtigte.<\/p>\n<p>&nbsp;<\/p>\n<p>Um k\u00fcnftige Chaos zu vermeiden, werden Unternehmen nun dringend aufgefordert, in USV-Systeme (unterbrechungsfreie Stromversorgung), offlinef\u00e4hige Zeiterfassungssoftware und Protokolle f\u00fcr Arbeitsunterbrechungen zu investieren. Die Schulung der Mitarbeiter im Umgang mit <a href=\"https:\/\/www.jibble.io\/de\/offline-zeiterfassungssoftware\">Offline-Arbeitsabl\u00e4ufen<\/a>, die Einrichtung alternativer Kommunikationskan\u00e4le und die Entwicklung klarer Notfallpl\u00e4ne f\u00fcr Stromausf\u00e4lle gelten als wichtige Ma\u00dfnahmen, um Produktivit\u00e4tsverluste w\u00e4hrend Stromausf\u00e4llen zu minimieren.<\/p>\n<p>&nbsp;<\/p>\n<h2><span style=\"font-weight: 400;\">Fazit<\/span><\/h2>\n<p>Der Stromausfall im April offenbarte gravierende Schwachstellen in der digitalisierten Wirtschaft Europas. Angesichts der zunehmenden Abh\u00e4ngigkeit von Technologie m\u00fcssen Unternehmen und Regierungen gleicherma\u00dfen Resilienzplanung priorisieren, um die Gesch\u00e4ftskontinuit\u00e4t bei k\u00fcnftigen St\u00f6rungen sicherzustellen.<\/p>\n<p>&nbsp;<\/p>\n<p>Die spanische und die portugiesische Regierung haben gemeinsam mit EU-Partnern eine Task Force ins Leben gerufen, um den Stromausfall zu untersuchen und die Netzsicherheit zu verbessern. Spanien bekr\u00e4ftigte das Engagement f\u00fcr erneuerbare Energien und k\u00fcndigte Pl\u00e4ne f\u00fcr eine umfassende Modernisierung des Stromnetzes an.<\/p>\n<p>&nbsp;<\/p>\n<p>W\u00e4hrend sich die Regierungen auf die Verbesserung der Infrastruktur konzentrieren, ist die wichtigste Erkenntnis f\u00fcr Unternehmen klar: Resilienz muss in den t\u00e4glichen Betriebsablauf integriert werden. Die Einf\u00fchrung von Ma\u00dfnahmen zur Sicherung der Produktivit\u00e4t bei Stromausf\u00e4llen ist f\u00fcr die langfristige Stabilit\u00e4t unerl\u00e4sslich.<\/p>\n<p>&nbsp;<\/p>\n<blockquote><p><span style=\"font-weight: 400;\">Verwandte Artikel:<\/span><\/p>\n<p><a href=\"https:\/\/www.jibble.io\/de\/artikel\/kuenstliche-intelligenz-mitarbeiter-ueberwachung\"><span style=\"font-weight: 400;\">So revolutioniert die KI die Mitarbeiter\u00fcberwachung<\/span><\/a><\/p>\n<p><a href=\"https:\/\/www.jibble.io\/de\/beste-software\/zeiterfassungs-app-freiberufler\">Finales Urteil: Top 5 der Zeiterfassungs-Apps f\u00fcr Freiberufler<\/a><\/p>\n<p><a href=\"https:\/\/www.jibble.io\/de\/artikel\/ethische-ueberwachung-remote-mitarbeiter\">Ethische \u00dcberwachung deiner Remote-Mitarbeiter<\/a><\/p>\n<p><a href=\"https:\/\/www.jibble.io\/de\/beste-software\/software-zeiterfassung-remote-mitarbeiter\">Finales Urteil: Die Top 5 Zeiterfassungssoftware: Remote-Mitarbeiter<\/a><\/p>\n<p><a href=\"https:\/\/www.jibble.io\/de\/artikel\/zeiterfassung-fuer-teams\">So stellst du deinem Team die Zeiterfassung vor<\/a><\/p><\/blockquote>\n","protected":false},"author":77,"featured_media":298066,"parent":0,"menu_order":0,"template":"","meta":{"_acf_changed":false,"footnotes":""},"news_category":[1348,1340],"class_list":["post-298065","news","type-news","status-publish","has-post-thumbnail","hentry","news_category-produktivitaets-trends","news_category-welt"],"acf":[],"yoast_head":"<!-- This site is optimized with the Yoast SEO Premium plugin v26.8 (Yoast SEO v26.8) - https:\/\/yoast.com\/product\/yoast-seo-premium-wordpress\/ -->\n<title>Europaweiter Stromausfall senkt Unternehmensproduktivit\u00e4t<\/title>\n<meta name=\"description\" content=\"Stromausfall in Spanien, Portugal und Frankreich beeintr\u00e4chtigt den Gesch\u00e4ftsbetrieb und die Produktivit\u00e4t der Mitarbeiter erheblich.\" \/>\n<meta name=\"robots\" content=\"index, follow, max-snippet:-1, max-image-preview:large, max-video-preview:-1\" \/>\n<link rel=\"canonical\" href=\"https:\/\/www.jibble.io\/de\/news\/stromausfall-europa-produktivitaet\" \/>\n<meta property=\"og:locale\" content=\"de_DE\" \/>\n<meta property=\"og:type\" content=\"article\" \/>\n<meta property=\"og:title\" content=\"Stromausfall in Europa schadet der Produktivit\u00e4t von Unternehmen\" \/>\n<meta property=\"og:description\" content=\"Stromausfall in Spanien, Portugal und Frankreich beeintr\u00e4chtigt den Gesch\u00e4ftsbetrieb und die Produktivit\u00e4t der Mitarbeiter erheblich.\" \/>\n<meta property=\"og:url\" content=\"https:\/\/www.jibble.io\/de\/news\/stromausfall-europa-produktivitaet\" \/>\n<meta property=\"og:site_name\" content=\"Jibble\" \/>\n<meta property=\"article:modified_time\" content=\"2025-07-22T08:39:59+00:00\" \/>\n<meta property=\"og:image\" content=\"https:\/\/www.jibble.io\/wp-content\/uploads\/2025\/05\/alice-kotlyarenko-n4sjEVninD4-unsplash-scaled.jpg\" \/>\n\t<meta property=\"og:image:width\" content=\"4757\" \/>\n\t<meta property=\"og:image:height\" content=\"3171\" \/>\n\t<meta property=\"og:image:type\" content=\"image\/jpeg\" \/>\n<meta name=\"twitter:card\" content=\"summary_large_image\" \/>\n<meta name=\"twitter:label1\" content=\"Gesch\u00e4tzte Lesezeit\" \/>\n\t<meta name=\"twitter:data1\" content=\"3\u00a0Minuten\" \/>\n<script type=\"application\/ld+json\" class=\"yoast-schema-graph\">{\"@context\":\"https:\/\/schema.org\",\"@graph\":[{\"@type\":\"NewsArticle\",\"@id\":\"https:\/\/www.jibble.io\/de\/news\/stromausfall-europa-produktivitaet#article\",\"isPartOf\":{\"@id\":\"https:\/\/www.jibble.io\/de\/news\/stromausfall-europa-produktivitaet\"},\"author\":{\"name\":\"Jennifer Blair\",\"@id\":\"https:\/\/www.jibble.io\/de#\/schema\/person\/459d1f478476aa66f3a6c02e9fc7ae11\"},\"headline\":\"Stromausfall in Europa schadet der Produktivit\u00e4t von Unternehmen\",\"datePublished\":\"2025-05-08T19:07:21+00:00\",\"dateModified\":\"2025-07-22T08:39:59+00:00\",\"mainEntityOfPage\":{\"@id\":\"https:\/\/www.jibble.io\/de\/news\/stromausfall-europa-produktivitaet\"},\"wordCount\":698,\"publisher\":{\"@id\":\"https:\/\/www.jibble.io\/de#organization\"},\"image\":{\"@id\":\"https:\/\/www.jibble.io\/de\/news\/stromausfall-europa-produktivitaet#primaryimage\"},\"thumbnailUrl\":\"https:\/\/www.jibble.io\/wp-content\/uploads\/2025\/05\/alice-kotlyarenko-n4sjEVninD4-unsplash-scaled.jpg\",\"inLanguage\":\"de\"},{\"@type\":\"WebPage\",\"@id\":\"https:\/\/www.jibble.io\/de\/news\/stromausfall-europa-produktivitaet\",\"url\":\"https:\/\/www.jibble.io\/de\/news\/stromausfall-europa-produktivitaet\",\"name\":\"Europaweiter Stromausfall senkt Unternehmensproduktivit\u00e4t\",\"isPartOf\":{\"@id\":\"https:\/\/www.jibble.io\/de#website\"},\"primaryImageOfPage\":{\"@id\":\"https:\/\/www.jibble.io\/de\/news\/stromausfall-europa-produktivitaet#primaryimage\"},\"image\":{\"@id\":\"https:\/\/www.jibble.io\/de\/news\/stromausfall-europa-produktivitaet#primaryimage\"},\"thumbnailUrl\":\"https:\/\/www.jibble.io\/wp-content\/uploads\/2025\/05\/alice-kotlyarenko-n4sjEVninD4-unsplash-scaled.jpg\",\"datePublished\":\"2025-05-08T19:07:21+00:00\",\"dateModified\":\"2025-07-22T08:39:59+00:00\",\"description\":\"Stromausfall in Spanien, Portugal und Frankreich beeintr\u00e4chtigt den Gesch\u00e4ftsbetrieb und die Produktivit\u00e4t der Mitarbeiter erheblich.\",\"inLanguage\":\"de\",\"potentialAction\":[{\"@type\":\"ReadAction\",\"target\":[\"https:\/\/www.jibble.io\/de\/news\/stromausfall-europa-produktivitaet\"]}]},{\"@type\":\"ImageObject\",\"inLanguage\":\"de\",\"@id\":\"https:\/\/www.jibble.io\/de\/news\/stromausfall-europa-produktivitaet#primaryimage\",\"url\":\"https:\/\/www.jibble.io\/wp-content\/uploads\/2025\/05\/alice-kotlyarenko-n4sjEVninD4-unsplash-scaled.jpg\",\"contentUrl\":\"https:\/\/www.jibble.io\/wp-content\/uploads\/2025\/05\/alice-kotlyarenko-n4sjEVninD4-unsplash-scaled.jpg\",\"width\":4757,\"height\":3171,\"caption\":\"Foto von Alice Kotlyarenko auf Unsplash\"},{\"@type\":\"WebSite\",\"@id\":\"https:\/\/www.jibble.io\/de#website\",\"url\":\"https:\/\/www.jibble.io\/de\",\"name\":\"Jibble\",\"description\":\"Meet the new standard in time tracking software\",\"publisher\":{\"@id\":\"https:\/\/www.jibble.io\/de#organization\"},\"potentialAction\":[{\"@type\":\"SearchAction\",\"target\":{\"@type\":\"EntryPoint\",\"urlTemplate\":\"https:\/\/www.jibble.io\/de?s={search_term_string}\"},\"query-input\":{\"@type\":\"PropertyValueSpecification\",\"valueRequired\":true,\"valueName\":\"search_term_string\"}}],\"inLanguage\":\"de\"},{\"@type\":\"Organization\",\"@id\":\"https:\/\/www.jibble.io\/de#organization\",\"name\":\"Jibble\",\"url\":\"https:\/\/www.jibble.io\/de\",\"logo\":{\"@type\":\"ImageObject\",\"inLanguage\":\"de\",\"@id\":\"https:\/\/www.jibble.io\/de#\/schema\/logo\/image\/\",\"url\":\"https:\/\/www.jibble.io\/wp-content\/uploads\/2022\/05\/Original-copy-923x1024.png\",\"contentUrl\":\"https:\/\/www.jibble.io\/wp-content\/uploads\/2022\/05\/Original-copy-923x1024.png\",\"width\":\"923\",\"height\":\"1024\",\"caption\":\"Jibble\"},\"image\":{\"@id\":\"https:\/\/www.jibble.io\/de#\/schema\/logo\/image\/\"},\"sameAs\":[\"https:\/\/www.linkedin.com\/company\/jibble\/\"]},{\"@type\":\"Person\",\"@id\":\"https:\/\/www.jibble.io\/de#\/schema\/person\/459d1f478476aa66f3a6c02e9fc7ae11\",\"name\":\"Jennifer Blair\",\"image\":{\"@type\":\"ImageObject\",\"inLanguage\":\"de\",\"@id\":\"https:\/\/www.jibble.io\/de#\/schema\/person\/image\/\",\"url\":\"https:\/\/secure.gravatar.com\/avatar\/5a23d92ddb7d8193867abfdff5ef5599?s=96&d=mm&r=g\",\"contentUrl\":\"https:\/\/secure.gravatar.com\/avatar\/5a23d92ddb7d8193867abfdff5ef5599?s=96&d=mm&r=g\",\"caption\":\"Jennifer Blair\"}}]}<\/script>\n<!-- \/ Yoast SEO Premium plugin. -->","yoast_head_json":{"title":"Europaweiter Stromausfall senkt Unternehmensproduktivit\u00e4t","description":"Stromausfall in Spanien, Portugal und Frankreich beeintr\u00e4chtigt den Gesch\u00e4ftsbetrieb und die Produktivit\u00e4t der Mitarbeiter erheblich.","robots":{"index":"index","follow":"follow","max-snippet":"max-snippet:-1","max-image-preview":"max-image-preview:large","max-video-preview":"max-video-preview:-1"},"canonical":"https:\/\/www.jibble.io\/de\/news\/stromausfall-europa-produktivitaet","og_locale":"de_DE","og_type":"article","og_title":"Stromausfall in Europa schadet der Produktivit\u00e4t von Unternehmen","og_description":"Stromausfall in Spanien, Portugal und Frankreich beeintr\u00e4chtigt den Gesch\u00e4ftsbetrieb und die Produktivit\u00e4t der Mitarbeiter erheblich.","og_url":"https:\/\/www.jibble.io\/de\/news\/stromausfall-europa-produktivitaet","og_site_name":"Jibble","article_modified_time":"2025-07-22T08:39:59+00:00","og_image":[{"width":4757,"height":3171,"url":"https:\/\/www.jibble.io\/wp-content\/uploads\/2025\/05\/alice-kotlyarenko-n4sjEVninD4-unsplash-scaled.jpg","type":"image\/jpeg"}],"twitter_card":"summary_large_image","twitter_misc":{"Gesch\u00e4tzte Lesezeit":"3\u00a0Minuten"},"schema":{"@context":"https:\/\/schema.org","@graph":[{"@type":"NewsArticle","@id":"https:\/\/www.jibble.io\/de\/news\/stromausfall-europa-produktivitaet#article","isPartOf":{"@id":"https:\/\/www.jibble.io\/de\/news\/stromausfall-europa-produktivitaet"},"author":{"name":"Jennifer Blair","@id":"https:\/\/www.jibble.io\/de#\/schema\/person\/459d1f478476aa66f3a6c02e9fc7ae11"},"headline":"Stromausfall in Europa schadet der Produktivit\u00e4t von Unternehmen","datePublished":"2025-05-08T19:07:21+00:00","dateModified":"2025-07-22T08:39:59+00:00","mainEntityOfPage":{"@id":"https:\/\/www.jibble.io\/de\/news\/stromausfall-europa-produktivitaet"},"wordCount":698,"publisher":{"@id":"https:\/\/www.jibble.io\/de#organization"},"image":{"@id":"https:\/\/www.jibble.io\/de\/news\/stromausfall-europa-produktivitaet#primaryimage"},"thumbnailUrl":"https:\/\/www.jibble.io\/wp-content\/uploads\/2025\/05\/alice-kotlyarenko-n4sjEVninD4-unsplash-scaled.jpg","inLanguage":"de"},{"@type":"WebPage","@id":"https:\/\/www.jibble.io\/de\/news\/stromausfall-europa-produktivitaet","url":"https:\/\/www.jibble.io\/de\/news\/stromausfall-europa-produktivitaet","name":"Europaweiter Stromausfall senkt Unternehmensproduktivit\u00e4t","isPartOf":{"@id":"https:\/\/www.jibble.io\/de#website"},"primaryImageOfPage":{"@id":"https:\/\/www.jibble.io\/de\/news\/stromausfall-europa-produktivitaet#primaryimage"},"image":{"@id":"https:\/\/www.jibble.io\/de\/news\/stromausfall-europa-produktivitaet#primaryimage"},"thumbnailUrl":"https:\/\/www.jibble.io\/wp-content\/uploads\/2025\/05\/alice-kotlyarenko-n4sjEVninD4-unsplash-scaled.jpg","datePublished":"2025-05-08T19:07:21+00:00","dateModified":"2025-07-22T08:39:59+00:00","description":"Stromausfall in Spanien, Portugal und Frankreich beeintr\u00e4chtigt den Gesch\u00e4ftsbetrieb und die Produktivit\u00e4t der Mitarbeiter erheblich.","inLanguage":"de","potentialAction":[{"@type":"ReadAction","target":["https:\/\/www.jibble.io\/de\/news\/stromausfall-europa-produktivitaet"]}]},{"@type":"ImageObject","inLanguage":"de","@id":"https:\/\/www.jibble.io\/de\/news\/stromausfall-europa-produktivitaet#primaryimage","url":"https:\/\/www.jibble.io\/wp-content\/uploads\/2025\/05\/alice-kotlyarenko-n4sjEVninD4-unsplash-scaled.jpg","contentUrl":"https:\/\/www.jibble.io\/wp-content\/uploads\/2025\/05\/alice-kotlyarenko-n4sjEVninD4-unsplash-scaled.jpg","width":4757,"height":3171,"caption":"Foto von Alice Kotlyarenko auf Unsplash"},{"@type":"WebSite","@id":"https:\/\/www.jibble.io\/de#website","url":"https:\/\/www.jibble.io\/de","name":"Jibble","description":"Meet the new standard in time tracking software","publisher":{"@id":"https:\/\/www.jibble.io\/de#organization"},"potentialAction":[{"@type":"SearchAction","target":{"@type":"EntryPoint","urlTemplate":"https:\/\/www.jibble.io\/de?s={search_term_string}"},"query-input":{"@type":"PropertyValueSpecification","valueRequired":true,"valueName":"search_term_string"}}],"inLanguage":"de"},{"@type":"Organization","@id":"https:\/\/www.jibble.io\/de#organization","name":"Jibble","url":"https:\/\/www.jibble.io\/de","logo":{"@type":"ImageObject","inLanguage":"de","@id":"https:\/\/www.jibble.io\/de#\/schema\/logo\/image\/","url":"https:\/\/www.jibble.io\/wp-content\/uploads\/2022\/05\/Original-copy-923x1024.png","contentUrl":"https:\/\/www.jibble.io\/wp-content\/uploads\/2022\/05\/Original-copy-923x1024.png","width":"923","height":"1024","caption":"Jibble"},"image":{"@id":"https:\/\/www.jibble.io\/de#\/schema\/logo\/image\/"},"sameAs":["https:\/\/www.linkedin.com\/company\/jibble\/"]},{"@type":"Person","@id":"https:\/\/www.jibble.io\/de#\/schema\/person\/459d1f478476aa66f3a6c02e9fc7ae11","name":"Jennifer Blair","image":{"@type":"ImageObject","inLanguage":"de","@id":"https:\/\/www.jibble.io\/de#\/schema\/person\/image\/","url":"https:\/\/secure.gravatar.com\/avatar\/5a23d92ddb7d8193867abfdff5ef5599?s=96&d=mm&r=g","contentUrl":"https:\/\/secure.gravatar.com\/avatar\/5a23d92ddb7d8193867abfdff5ef5599?s=96&d=mm&r=g","caption":"Jennifer Blair"}}]}},"_links":{"self":[{"href":"https:\/\/www.jibble.io\/de\/wp-json\/wp\/v2\/news\/298065","targetHints":{"allow":["GET"]}}],"collection":[{"href":"https:\/\/www.jibble.io\/de\/wp-json\/wp\/v2\/news"}],"about":[{"href":"https:\/\/www.jibble.io\/de\/wp-json\/wp\/v2\/types\/news"}],"author":[{"embeddable":true,"href":"https:\/\/www.jibble.io\/de\/wp-json\/wp\/v2\/users\/77"}],"version-history":[{"count":3,"href":"https:\/\/www.jibble.io\/de\/wp-json\/wp\/v2\/news\/298065\/revisions"}],"predecessor-version":[{"id":300776,"href":"https:\/\/www.jibble.io\/de\/wp-json\/wp\/v2\/news\/298065\/revisions\/300776"}],"wp:featuredmedia":[{"embeddable":true,"href":"https:\/\/www.jibble.io\/de\/wp-json\/wp\/v2\/media\/298066"}],"wp:attachment":[{"href":"https:\/\/www.jibble.io\/de\/wp-json\/wp\/v2\/media?parent=298065"}],"wp:term":[{"taxonomy":"news_category","embeddable":true,"href":"https:\/\/www.jibble.io\/de\/wp-json\/wp\/v2\/news_category?post=298065"}],"curies":[{"name":"wp","href":"https:\/\/api.w.org\/{rel}","templated":true}]}}