{"id":298045,"date":"2025-05-30T08:33:40","date_gmt":"2025-05-30T07:33:40","guid":{"rendered":"https:\/\/www.jibble.io\/news\/german-workweek-reform"},"modified":"2025-08-04T14:03:10","modified_gmt":"2025-08-04T13:03:10","slug":"deutsche-arbeitsmarkt-reform","status":"publish","type":"news","link":"https:\/\/www.jibble.io\/de\/news\/deutsche-arbeitsmarkt-reform","title":{"rendered":"Deutsche Arbeitszeitbegrenzung ersetzt den regul\u00e4ren 8-Stunden-Tag"},"content":{"rendered":"<p>Die deutsche Koalitionsregierung plant, die traditionelle Obergrenze von acht Arbeitsstunden pro Tag durch eine flexible Arbeitswoche zu ersetzen, wie The Munich Eye am 30. Mai 2025 berichtet.<\/p>\n<p>&nbsp;<\/p>\n<p>Derzeit d\u00fcrfen Arbeitnehmer in Deutschland maximal acht Stunden pro Tag arbeiten, in Ausnahmef\u00e4llen bis zu zehn Stunden.<\/p>\n<p>&nbsp;<\/p>\n<p>Die Reform der deutschen Arbeitswoche wird die Grundlage des <a href=\"https:\/\/www.jibble.io\/de\/news-kategorie\/arbeitsrecht-aktualisierungen\">Arbeitsrechts<\/a> im Land ver\u00e4ndern und es Unternehmen und Arbeitnehmern erm\u00f6glichen, die Verteilung der Arbeitsstunden \u00fcber die Woche hinweg selbst zu bestimmen, solange die noch festzulegende w\u00f6chentliche H\u00f6chstarbeitszeit nicht \u00fcberschritten wird. Damit soll mehr Flexibilit\u00e4t geschaffen werden, ohne die Gesundheit und Autonomie der Arbeitnehmer zu gef\u00e4hrden.<\/p>\n<p>&nbsp;<\/p>\n<blockquote><p>Was ist eine w\u00f6chentliche Arbeitszeitbegrenzung?<\/p>\n<p>Eine w\u00f6chentliche Arbeitszeitbegrenzung legt fest, wie viele Stunden Mitarbeiter pro Woche legal arbeiten d\u00fcrfen. Das ist flexibler als t\u00e4gliche Begrenzungen, weil an manchen Tagen l\u00e4ngere Schichten und an anderen k\u00fcrzere m\u00f6glich sind, solange die Gesamtstundenzahl die gesetzliche Wochenh\u00f6chstgrenze nicht \u00fcberschreitet.<\/p><\/blockquote>\n<p>&nbsp;<\/p>\n<p>Dieser Schritt wird als Vorsto\u00df zur Modernisierung der Arbeitspolitik gesehen, wirft aber auch Fragen bei Unternehmenschefs und Gewerkschaften auf.<\/p>\n<p>&nbsp;<\/p>\n<h2><span style=\"font-weight: 400;\">Nicht jeder ist einverstanden<\/span><\/h2>\n<p>&nbsp;<\/p>\n<p>Die Ministerin B\u00e4rbel Bas von der <a href=\"https:\/\/www.spd.de\/\">Sozialdemokratischen Partei<\/a> (SPD) in der Koalition hat klargestellt, dass die Reform der deutschen Arbeitswoche nicht von ihrer Partei initiiert wurde.<\/p>\n<p>&nbsp;<\/p>\n<p>\u201eBevor wir ein Gesetz dazu verabschieden, werden wir uns mit den Sozialpartnern beraten\u201c, sagte Bas in einem Interview mit Zeitungen der Funke Mediengruppe. Sie r\u00e4umte Bedenken der Wirtschaft ein, insbesondere hinsichtlich der Frage, wie neue Anforderungen an die <a href=\"https:\/\/www.jibble.io\/de\">Zeiterfassung<\/a> die Einhaltung der Vorschriften erschweren k\u00f6nnten. \u201eIch h\u00f6re, dass Unternehmen auch Probleme mit einer maximalen Wochenarbeitszeit haben \u2013 zum Teil wegen der Zeiterfassung\u201c, sagte Bas.<\/p>\n<p>&nbsp;<\/p>\n<p>Bas betonte nochmal, dass die neuen Regeln es Arbeitgebern nicht erlauben w\u00fcrden, l\u00e4ngere Arbeitszeiten zu verlangen, und dass die Gesundheits- und Sicherheitsstandards am Arbeitsplatz weiterhin gesetzlich gesch\u00fctzt seien.<\/p>\n<p>&nbsp;<\/p>\n<h2><span style=\"font-weight: 400;\">Was bedeutet das f\u00fcr deutsche Arbeitgeber und Arbeitnehmer?<\/span><\/h2>\n<p>&nbsp;<\/p>\n<p>Die Reform der deutschen Arbeitswoche wird weitreichende Auswirkungen auf Unternehmen und ihre Arbeitsabl\u00e4ufe haben. Die meisten Personalabteilungen und Lohnbuchhaltungssysteme sind auf eine t\u00e4gliche H\u00f6chstarbeitszeit ausgelegt. Die Umstellung auf ein w\u00f6chentliches System w\u00fcrde umfangreiche Anpassungen der internen Prozesse, Vertragsstrukturen und Tools zur Zeiterfassung erfordern.<\/p>\n<p>&nbsp;<\/p>\n<p>Vor allem kleine und mittlere Unternehmen (KMU) k\u00f6nnten bei der Anpassung an das neue System mit erheblichen H\u00fcrden konfrontiert sein, da sie in der Regel \u00fcber weniger Personalressourcen verf\u00fcgen als gr\u00f6\u00dfere Unternehmen.<\/p>\n<p>&nbsp;<\/p>\n<p>Die Arbeitnehmer k\u00f6nnten jedoch von einer gr\u00f6\u00dferen Autonomie bei der Gestaltung ihres Arbeitseinsatzes profitieren und ihre Arbeitszeit auf weniger Tage konzentrieren oder anders verteilen.<\/p>\n<p>&nbsp;<\/p>\n<p>Vorschl\u00e4ge f\u00fcr radikalere \u00c4nderungen, wie die Einf\u00fchrung einer Vier-Tage-Woche, wurden von Bas als derzeit nicht realisierbar abgelehnt. \u201eIch h\u00e4tte auch gerne eine Vier-Tage-Woche, aber das ist unrealistisch\u201c, sagte sie.<\/p>\n<p>&nbsp;<\/p>\n<p>Politiker wie Winfried Kretschmann (Gr\u00fcne) haben die Deutschen dazu aufgerufen, mehr zu arbeiten, um die wirtschaftliche Erholung zu unterst\u00fctzen, aber Bas lehnte diese Forderung ab. \u201eIch kenne so viele Menschen, die arbeiten und trotzdem ins B\u00fcro gehen m\u00fcssen. Ihnen zu sagen, dass sie noch mehr arbeiten m\u00fcssen, ist nicht meine Rhetorik\u201d, sagte sie.<\/p>\n<p>&nbsp;<\/p>\n<h2><span style=\"font-weight: 400;\">Europ\u00e4ische Trends<\/span><\/h2>\n<p>&nbsp;<\/p>\n<p>Die Reform der deutschen Arbeitswoche ist ein klarer Schritt in Richtung der sich entwickelnden Arbeitsnormen in der <a href=\"https:\/\/www.jibble.io\/labor-laws\/eu-time-tracking-laws\">Europ\u00e4ischen Union<\/a>. W\u00e4hrend Deutschland lange an der Acht-Stunden-Grenze pro Tag festgehalten hat, haben viele EU-L\u00e4nder schon flexiblere Rahmenbedingungen eingef\u00fchrt, die auf w\u00f6chentlichen Arbeitszeitbegrenzungen basieren, die normalerweise bei 48 Stunden liegen.<\/p>\n<p>&nbsp;<\/p>\n<p>Mit dem \u00dcbergang zu einem Wochenmodell holt Deutschland nicht nur zu seinen europ\u00e4ischen Nachbarn auf, sondern positioniert sich auch f\u00fcr eine neue \u00c4ra flexibler, moderner Besch\u00e4ftigungsstandards.<\/p>\n<p>&nbsp;<\/p>\n<p>Diese Umstellung erfordert jedoch robuste digitale Tools f\u00fcr das Management der <a href=\"https:\/\/www.jibble.io\/de\/anwesenheitstracker\">Arbeits- und Anwesenheitszeiterfassung<\/a>, um Missbrauch oder Fehler zu vermeiden.<\/p>\n<p>&nbsp;<\/p>\n<blockquote><p>Verwandte Artikel:<\/p>\n<p><a href=\"https:\/\/www.jibble.io\/article\/workweek-hours\">Durchschnittliche Wochenarbeitszeit weltweit<\/a><\/p>\n<p><a href=\"https:\/\/www.jibble.io\/de\/artikel\/zeiterfassung-fuer-teams\">So stellst du deinem Team die Zeiterfassung vor<\/a><\/p>\n<p><a href=\"https:\/\/www.jibble.io\/de\/artikel\/zeiterfassungs-software-einfuehren\">So f\u00fchrst du eine Zeiterfassungssoftware ein<\/a><\/p><\/blockquote>\n","protected":false},"author":77,"featured_media":298046,"parent":0,"menu_order":0,"template":"","meta":{"_acf_changed":false,"footnotes":""},"news_category":[1339,1337,1340],"class_list":["post-298045","news","type-news","status-publish","has-post-thumbnail","hentry","news_category-arbeitsrecht-aktualisierungen","news_category-arbeitsstunden","news_category-welt"],"acf":[],"yoast_head":"<!-- This site is optimized with the Yoast SEO Premium plugin v26.8 (Yoast SEO v26.8) - https:\/\/yoast.com\/product\/yoast-seo-premium-wordpress\/ -->\n<title>Traditioneller deutscher 8-Stunden-Tag soll ersetzt werden<\/title>\n<meta name=\"description\" content=\"Die deutsche Regierung will den Achtstundentag durch eine flexible w\u00f6chentliche Arbeitszeitbegrenzung ersetzen, wie The Munich Eye berichtet.\" \/>\n<meta name=\"robots\" content=\"index, follow, max-snippet:-1, max-image-preview:large, max-video-preview:-1\" \/>\n<link rel=\"canonical\" href=\"https:\/\/www.jibble.io\/de\/news\/deutsche-arbeitsmarkt-reform\" \/>\n<meta property=\"og:locale\" content=\"de_DE\" \/>\n<meta property=\"og:type\" content=\"article\" \/>\n<meta property=\"og:title\" content=\"Deutsche Arbeitszeitbegrenzung ersetzt den regul\u00e4ren 8-Stunden-Tag\" \/>\n<meta property=\"og:description\" content=\"Die deutsche Regierung will den Achtstundentag durch eine flexible w\u00f6chentliche Arbeitszeitbegrenzung ersetzen, wie The Munich Eye berichtet.\" \/>\n<meta property=\"og:url\" content=\"https:\/\/www.jibble.io\/de\/news\/deutsche-arbeitsmarkt-reform\" \/>\n<meta property=\"og:site_name\" content=\"Jibble\" \/>\n<meta property=\"article:modified_time\" content=\"2025-08-04T13:03:10+00:00\" \/>\n<meta property=\"og:image\" content=\"https:\/\/www.jibble.io\/wp-content\/uploads\/2025\/05\/maheshkumar-painam-HF-lFqdOMF8-unsplash-scaled.jpg\" \/>\n\t<meta property=\"og:image:width\" content=\"3507\" \/>\n\t<meta property=\"og:image:height\" content=\"2480\" \/>\n\t<meta property=\"og:image:type\" content=\"image\/jpeg\" \/>\n<meta name=\"twitter:card\" content=\"summary_large_image\" \/>\n<meta name=\"twitter:label1\" content=\"Gesch\u00e4tzte Lesezeit\" \/>\n\t<meta name=\"twitter:data1\" content=\"3\u00a0Minuten\" \/>\n<script type=\"application\/ld+json\" class=\"yoast-schema-graph\">{\"@context\":\"https:\/\/schema.org\",\"@graph\":[{\"@type\":\"NewsArticle\",\"@id\":\"https:\/\/www.jibble.io\/de\/news\/deutsche-arbeitsmarkt-reform#article\",\"isPartOf\":{\"@id\":\"https:\/\/www.jibble.io\/de\/news\/deutsche-arbeitsmarkt-reform\"},\"author\":{\"name\":\"Jennifer Blair\",\"@id\":\"https:\/\/www.jibble.io\/de#\/schema\/person\/459d1f478476aa66f3a6c02e9fc7ae11\"},\"headline\":\"Deutsche Arbeitszeitbegrenzung ersetzt den regul\u00e4ren 8-Stunden-Tag\",\"datePublished\":\"2025-05-30T07:33:40+00:00\",\"dateModified\":\"2025-08-04T13:03:10+00:00\",\"mainEntityOfPage\":{\"@id\":\"https:\/\/www.jibble.io\/de\/news\/deutsche-arbeitsmarkt-reform\"},\"wordCount\":664,\"publisher\":{\"@id\":\"https:\/\/www.jibble.io\/de#organization\"},\"image\":{\"@id\":\"https:\/\/www.jibble.io\/de\/news\/deutsche-arbeitsmarkt-reform#primaryimage\"},\"thumbnailUrl\":\"https:\/\/www.jibble.io\/wp-content\/uploads\/2025\/05\/maheshkumar-painam-HF-lFqdOMF8-unsplash-scaled.jpg\",\"inLanguage\":\"de\"},{\"@type\":\"WebPage\",\"@id\":\"https:\/\/www.jibble.io\/de\/news\/deutsche-arbeitsmarkt-reform\",\"url\":\"https:\/\/www.jibble.io\/de\/news\/deutsche-arbeitsmarkt-reform\",\"name\":\"Traditioneller deutscher 8-Stunden-Tag soll ersetzt werden\",\"isPartOf\":{\"@id\":\"https:\/\/www.jibble.io\/de#website\"},\"primaryImageOfPage\":{\"@id\":\"https:\/\/www.jibble.io\/de\/news\/deutsche-arbeitsmarkt-reform#primaryimage\"},\"image\":{\"@id\":\"https:\/\/www.jibble.io\/de\/news\/deutsche-arbeitsmarkt-reform#primaryimage\"},\"thumbnailUrl\":\"https:\/\/www.jibble.io\/wp-content\/uploads\/2025\/05\/maheshkumar-painam-HF-lFqdOMF8-unsplash-scaled.jpg\",\"datePublished\":\"2025-05-30T07:33:40+00:00\",\"dateModified\":\"2025-08-04T13:03:10+00:00\",\"description\":\"Die deutsche Regierung will den Achtstundentag durch eine flexible w\u00f6chentliche Arbeitszeitbegrenzung ersetzen, wie The Munich Eye berichtet.\",\"inLanguage\":\"de\",\"potentialAction\":[{\"@type\":\"ReadAction\",\"target\":[\"https:\/\/www.jibble.io\/de\/news\/deutsche-arbeitsmarkt-reform\"]}]},{\"@type\":\"ImageObject\",\"inLanguage\":\"de\",\"@id\":\"https:\/\/www.jibble.io\/de\/news\/deutsche-arbeitsmarkt-reform#primaryimage\",\"url\":\"https:\/\/www.jibble.io\/wp-content\/uploads\/2025\/05\/maheshkumar-painam-HF-lFqdOMF8-unsplash-scaled.jpg\",\"contentUrl\":\"https:\/\/www.jibble.io\/wp-content\/uploads\/2025\/05\/maheshkumar-painam-HF-lFqdOMF8-unsplash-scaled.jpg\",\"width\":3507,\"height\":2480,\"caption\":\"Foto von Maheshkumar Painam auf Unsplash\"},{\"@type\":\"WebSite\",\"@id\":\"https:\/\/www.jibble.io\/de#website\",\"url\":\"https:\/\/www.jibble.io\/de\",\"name\":\"Jibble\",\"description\":\"Meet the new standard in time tracking software\",\"publisher\":{\"@id\":\"https:\/\/www.jibble.io\/de#organization\"},\"potentialAction\":[{\"@type\":\"SearchAction\",\"target\":{\"@type\":\"EntryPoint\",\"urlTemplate\":\"https:\/\/www.jibble.io\/de?s={search_term_string}\"},\"query-input\":{\"@type\":\"PropertyValueSpecification\",\"valueRequired\":true,\"valueName\":\"search_term_string\"}}],\"inLanguage\":\"de\"},{\"@type\":\"Organization\",\"@id\":\"https:\/\/www.jibble.io\/de#organization\",\"name\":\"Jibble\",\"url\":\"https:\/\/www.jibble.io\/de\",\"logo\":{\"@type\":\"ImageObject\",\"inLanguage\":\"de\",\"@id\":\"https:\/\/www.jibble.io\/de#\/schema\/logo\/image\/\",\"url\":\"https:\/\/www.jibble.io\/wp-content\/uploads\/2022\/05\/Original-copy-923x1024.png\",\"contentUrl\":\"https:\/\/www.jibble.io\/wp-content\/uploads\/2022\/05\/Original-copy-923x1024.png\",\"width\":\"923\",\"height\":\"1024\",\"caption\":\"Jibble\"},\"image\":{\"@id\":\"https:\/\/www.jibble.io\/de#\/schema\/logo\/image\/\"},\"sameAs\":[\"https:\/\/www.linkedin.com\/company\/jibble\/\"]},{\"@type\":\"Person\",\"@id\":\"https:\/\/www.jibble.io\/de#\/schema\/person\/459d1f478476aa66f3a6c02e9fc7ae11\",\"name\":\"Jennifer Blair\",\"image\":{\"@type\":\"ImageObject\",\"inLanguage\":\"de\",\"@id\":\"https:\/\/www.jibble.io\/de#\/schema\/person\/image\/\",\"url\":\"https:\/\/secure.gravatar.com\/avatar\/5a23d92ddb7d8193867abfdff5ef5599?s=96&d=mm&r=g\",\"contentUrl\":\"https:\/\/secure.gravatar.com\/avatar\/5a23d92ddb7d8193867abfdff5ef5599?s=96&d=mm&r=g\",\"caption\":\"Jennifer Blair\"}}]}<\/script>\n<!-- \/ Yoast SEO Premium plugin. -->","yoast_head_json":{"title":"Traditioneller deutscher 8-Stunden-Tag soll ersetzt werden","description":"Die deutsche Regierung will den Achtstundentag durch eine flexible w\u00f6chentliche Arbeitszeitbegrenzung ersetzen, wie The Munich Eye berichtet.","robots":{"index":"index","follow":"follow","max-snippet":"max-snippet:-1","max-image-preview":"max-image-preview:large","max-video-preview":"max-video-preview:-1"},"canonical":"https:\/\/www.jibble.io\/de\/news\/deutsche-arbeitsmarkt-reform","og_locale":"de_DE","og_type":"article","og_title":"Deutsche Arbeitszeitbegrenzung ersetzt den regul\u00e4ren 8-Stunden-Tag","og_description":"Die deutsche Regierung will den Achtstundentag durch eine flexible w\u00f6chentliche Arbeitszeitbegrenzung ersetzen, wie The Munich Eye berichtet.","og_url":"https:\/\/www.jibble.io\/de\/news\/deutsche-arbeitsmarkt-reform","og_site_name":"Jibble","article_modified_time":"2025-08-04T13:03:10+00:00","og_image":[{"width":3507,"height":2480,"url":"https:\/\/www.jibble.io\/wp-content\/uploads\/2025\/05\/maheshkumar-painam-HF-lFqdOMF8-unsplash-scaled.jpg","type":"image\/jpeg"}],"twitter_card":"summary_large_image","twitter_misc":{"Gesch\u00e4tzte Lesezeit":"3\u00a0Minuten"},"schema":{"@context":"https:\/\/schema.org","@graph":[{"@type":"NewsArticle","@id":"https:\/\/www.jibble.io\/de\/news\/deutsche-arbeitsmarkt-reform#article","isPartOf":{"@id":"https:\/\/www.jibble.io\/de\/news\/deutsche-arbeitsmarkt-reform"},"author":{"name":"Jennifer Blair","@id":"https:\/\/www.jibble.io\/de#\/schema\/person\/459d1f478476aa66f3a6c02e9fc7ae11"},"headline":"Deutsche Arbeitszeitbegrenzung ersetzt den regul\u00e4ren 8-Stunden-Tag","datePublished":"2025-05-30T07:33:40+00:00","dateModified":"2025-08-04T13:03:10+00:00","mainEntityOfPage":{"@id":"https:\/\/www.jibble.io\/de\/news\/deutsche-arbeitsmarkt-reform"},"wordCount":664,"publisher":{"@id":"https:\/\/www.jibble.io\/de#organization"},"image":{"@id":"https:\/\/www.jibble.io\/de\/news\/deutsche-arbeitsmarkt-reform#primaryimage"},"thumbnailUrl":"https:\/\/www.jibble.io\/wp-content\/uploads\/2025\/05\/maheshkumar-painam-HF-lFqdOMF8-unsplash-scaled.jpg","inLanguage":"de"},{"@type":"WebPage","@id":"https:\/\/www.jibble.io\/de\/news\/deutsche-arbeitsmarkt-reform","url":"https:\/\/www.jibble.io\/de\/news\/deutsche-arbeitsmarkt-reform","name":"Traditioneller deutscher 8-Stunden-Tag soll ersetzt werden","isPartOf":{"@id":"https:\/\/www.jibble.io\/de#website"},"primaryImageOfPage":{"@id":"https:\/\/www.jibble.io\/de\/news\/deutsche-arbeitsmarkt-reform#primaryimage"},"image":{"@id":"https:\/\/www.jibble.io\/de\/news\/deutsche-arbeitsmarkt-reform#primaryimage"},"thumbnailUrl":"https:\/\/www.jibble.io\/wp-content\/uploads\/2025\/05\/maheshkumar-painam-HF-lFqdOMF8-unsplash-scaled.jpg","datePublished":"2025-05-30T07:33:40+00:00","dateModified":"2025-08-04T13:03:10+00:00","description":"Die deutsche Regierung will den Achtstundentag durch eine flexible w\u00f6chentliche Arbeitszeitbegrenzung ersetzen, wie The Munich Eye berichtet.","inLanguage":"de","potentialAction":[{"@type":"ReadAction","target":["https:\/\/www.jibble.io\/de\/news\/deutsche-arbeitsmarkt-reform"]}]},{"@type":"ImageObject","inLanguage":"de","@id":"https:\/\/www.jibble.io\/de\/news\/deutsche-arbeitsmarkt-reform#primaryimage","url":"https:\/\/www.jibble.io\/wp-content\/uploads\/2025\/05\/maheshkumar-painam-HF-lFqdOMF8-unsplash-scaled.jpg","contentUrl":"https:\/\/www.jibble.io\/wp-content\/uploads\/2025\/05\/maheshkumar-painam-HF-lFqdOMF8-unsplash-scaled.jpg","width":3507,"height":2480,"caption":"Foto von Maheshkumar Painam auf Unsplash"},{"@type":"WebSite","@id":"https:\/\/www.jibble.io\/de#website","url":"https:\/\/www.jibble.io\/de","name":"Jibble","description":"Meet the new standard in time tracking software","publisher":{"@id":"https:\/\/www.jibble.io\/de#organization"},"potentialAction":[{"@type":"SearchAction","target":{"@type":"EntryPoint","urlTemplate":"https:\/\/www.jibble.io\/de?s={search_term_string}"},"query-input":{"@type":"PropertyValueSpecification","valueRequired":true,"valueName":"search_term_string"}}],"inLanguage":"de"},{"@type":"Organization","@id":"https:\/\/www.jibble.io\/de#organization","name":"Jibble","url":"https:\/\/www.jibble.io\/de","logo":{"@type":"ImageObject","inLanguage":"de","@id":"https:\/\/www.jibble.io\/de#\/schema\/logo\/image\/","url":"https:\/\/www.jibble.io\/wp-content\/uploads\/2022\/05\/Original-copy-923x1024.png","contentUrl":"https:\/\/www.jibble.io\/wp-content\/uploads\/2022\/05\/Original-copy-923x1024.png","width":"923","height":"1024","caption":"Jibble"},"image":{"@id":"https:\/\/www.jibble.io\/de#\/schema\/logo\/image\/"},"sameAs":["https:\/\/www.linkedin.com\/company\/jibble\/"]},{"@type":"Person","@id":"https:\/\/www.jibble.io\/de#\/schema\/person\/459d1f478476aa66f3a6c02e9fc7ae11","name":"Jennifer Blair","image":{"@type":"ImageObject","inLanguage":"de","@id":"https:\/\/www.jibble.io\/de#\/schema\/person\/image\/","url":"https:\/\/secure.gravatar.com\/avatar\/5a23d92ddb7d8193867abfdff5ef5599?s=96&d=mm&r=g","contentUrl":"https:\/\/secure.gravatar.com\/avatar\/5a23d92ddb7d8193867abfdff5ef5599?s=96&d=mm&r=g","caption":"Jennifer Blair"}}]}},"_links":{"self":[{"href":"https:\/\/www.jibble.io\/de\/wp-json\/wp\/v2\/news\/298045","targetHints":{"allow":["GET"]}}],"collection":[{"href":"https:\/\/www.jibble.io\/de\/wp-json\/wp\/v2\/news"}],"about":[{"href":"https:\/\/www.jibble.io\/de\/wp-json\/wp\/v2\/types\/news"}],"author":[{"embeddable":true,"href":"https:\/\/www.jibble.io\/de\/wp-json\/wp\/v2\/users\/77"}],"version-history":[{"count":3,"href":"https:\/\/www.jibble.io\/de\/wp-json\/wp\/v2\/news\/298045\/revisions"}],"predecessor-version":[{"id":304549,"href":"https:\/\/www.jibble.io\/de\/wp-json\/wp\/v2\/news\/298045\/revisions\/304549"}],"wp:featuredmedia":[{"embeddable":true,"href":"https:\/\/www.jibble.io\/de\/wp-json\/wp\/v2\/media\/298046"}],"wp:attachment":[{"href":"https:\/\/www.jibble.io\/de\/wp-json\/wp\/v2\/media?parent=298045"}],"wp:term":[{"taxonomy":"news_category","embeddable":true,"href":"https:\/\/www.jibble.io\/de\/wp-json\/wp\/v2\/news_category?post=298045"}],"curies":[{"name":"wp","href":"https:\/\/api.w.org\/{rel}","templated":true}]}}